{"id":182893,"date":"2026-09-05T16:39:34","date_gmt":"2026-09-05T19:39:34","guid":{"rendered":"https:\/\/www.cronicasdeitarantim.com.br\/v1\/?p=182893"},"modified":"2026-09-05T16:44:42","modified_gmt":"2026-09-05T19:44:42","slug":"moradora-de-itarantim-tem-pertences-furtados-na-rodoviaria-de-itapetinga","status":"publish","type":"post","link":"https:\/\/www.cronicasdeitarantim.com.br\/v1\/2026\/09\/05\/moradora-de-itarantim-tem-pertences-furtados-na-rodoviaria-de-itapetinga\/","title":{"rendered":"Moradora de Itarantim tem pertences furtados na rodovi\u00e1ria de Itapetinga"},"content":{"rendered":"<h4>Uma moradora de Itarantim teve seus pertences furtados na manh\u00e3 deste s\u00e1bado (5), na rodovi\u00e1ria de Itapetinga.<\/h4>\n<h4>Segundo a mulher, ela esqueceu a bolsa em um dos bancos do terminal ap\u00f3s tentar comprar uma passagem para Itarantim.<\/h4>\n<h4>Imagens do sistema de monitoramento da rodovi\u00e1ria, \u00e0s quais a v\u00edtima teve acesso, mostram um homem usando bermuda jeans pegando a bolsa e deixando o local em um motot\u00e1xi.<\/h4>\n<h4>Ainda de acordo com o relato da mulher ao portal Cr\u00f4nicas de Itarantim, um boletim de ocorr\u00eancia foi registrado na Delegacia Territorial de Itapetinga.<\/h4>\n<h4>Relato:<\/h4>\n<h4>A moradora relatou que teve a bolsa furtada na rodovi\u00e1ria de Itapetinga. Segundo ela, o objeto continha documentos pessoais, cart\u00f5es banc\u00e1rios, itens de higiene e roupas.<\/h4>\n<h4>De acordo com o relato, a mulher foi ao terminal para comprar uma passagem de \u00f4nibus com destino a Itarantim. Ao ser informada de que n\u00e3o havia mais passagens dispon\u00edveis, decidiu pegar um t\u00e1xi.<\/h4>\n<h4>Enquanto aguardava o ve\u00edculo, ela colocou a bolsa no ch\u00e3o, embaixo de uma das cadeiras da rodovi\u00e1ria, para descansar os ombros. Quando o t\u00e1xi chegou, a mulher deixou o local sem perceber que havia esquecido o objeto.<\/h4>\n<h4>\u201cQuando percebi que minha bolsa n\u00e3o estava mais comigo, retornei \u00e0 rodovi\u00e1ria para busc\u00e1-la, mas ela j\u00e1 n\u00e3o estava no local\u201d, relatou.<\/h4>\n<h4>A mulher informou ainda que teve acesso \u00e0s imagens das c\u00e2meras de seguran\u00e7a do terminal e reconheceu sua bolsa, de cor bege. Segundo ela, as imagens mostram um homem pegando o objeto e deixando o local em um motot\u00e1xi.<\/h4>\n<h4>Veja v\u00eddeos no Instagram do portal Cr\u00f4nicas de Itarantim:<\/h4>\n<p><a href=\"https:\/\/www.instagram.com\/p\/Dc6vRN1GFeE\/?stkn=OG5ndmkwb3BraWw4\">https:\/\/www.instagram.com\/p\/Dc6vRN1GFeE\/?stkn=OG5ndmkwb3BraWw4<\/a><\/p>\n","protected":false},"excerpt":{"rendered":"<p>Uma moradora de Itarantim teve seus pertences furtados na manh\u00e3 deste s\u00e1bado (5), na rodovi\u00e1ria de Itapetinga. Segundo a mulher, ela esqueceu a bolsa em um dos bancos do terminal ap\u00f3s tentar comprar uma passagem para Itarantim. Imagens do sistema de monitoramento da rodovi\u00e1ria, \u00e0s quais a v\u00edtima teve acesso, mostram um homem usando bermuda jeans pegando a bolsa e deixando o local em um motot\u00e1xi. Ainda de acordo com o relato da mulher ao portal Cr\u00f4nicas de Itarantim, um boletim de ocorr\u00eancia foi registrado na Delegacia Territorial de Itapetinga. Relato: A moradora relatou que teve a bolsa furtada na [&hellip;]<\/p>\n","protected":false},"author":4,"featured_media":182895,"comment_status":"open","ping_status":"open","sticky":false,"template":"","format":"standard","meta":[],"categories":[306],"tags":[],"_links":{"self":[{"href":"https:\/\/www.cronicasdeitarantim.com.br\/v1\/wp-json\/wp\/v2\/posts\/182893"}],"collection":[{"href":"https:\/\/www.cronicasdeitarantim.com.br\/v1\/wp-json\/wp\/v2\/posts"}],"about":[{"href":"https:\/\/www.cronicasdeitarantim.com.br\/v1\/wp-json\/wp\/v2\/types\/post"}],"author":[{"embeddable":true,"href":"https:\/\/www.cronicasdeitarantim.com.br\/v1\/wp-json\/wp\/v2\/users\/4"}],"replies":[{"embeddable":true,"href":"https:\/\/www.cronicasdeitarantim.com.br\/v1\/wp-json\/wp\/v2\/comments?post=182893"}],"version-history":[{"count":3,"href":"https:\/\/www.cronicasdeitarantim.com.br\/v1\/wp-json\/wp\/v2\/posts\/182893\/revisions"}],"predecessor-version":[{"id":182897,"href":"https:\/\/www.cronicasdeitarantim.com.br\/v1\/wp-json\/wp\/v2\/posts\/182893\/revisions\/182897"}],"wp:featuredmedia":[{"embeddable":true,"href":"https:\/\/www.cronicasdeitarantim.com.br\/v1\/wp-json\/wp\/v2\/media\/182895"}],"wp:attachment":[{"href":"https:\/\/www.cronicasdeitarantim.com.br\/v1\/wp-json\/wp\/v2\/media?parent=182893"}],"wp:term":[{"taxonomy":"category","embeddable":true,"href":"https:\/\/www.cronicasdeitarantim.com.br\/v1\/wp-json\/wp\/v2\/categories?post=182893"},{"taxonomy":"post_tag","embeddable":true,"href":"https:\/\/www.cronicasdeitarantim.com.br\/v1\/wp-json\/wp\/v2\/tags?post=182893"}],"curies":[{"name":"wp","href":"https:\/\/api.w.org\/{rel}","templated":true}]}}