{"id":182889,"date":"2026-09-04T08:27:42","date_gmt":"2026-09-04T11:27:42","guid":{"rendered":"https:\/\/www.cronicasdeitarantim.com.br\/v1\/?p=182889"},"modified":"2026-09-04T08:27:42","modified_gmt":"2026-09-04T11:27:42","slug":"operacao-policial-reune-forcas-de-seguranca-no-combate-ao-crime-em-itambe","status":"publish","type":"post","link":"https:\/\/www.cronicasdeitarantim.com.br\/v1\/2026\/09\/04\/operacao-policial-reune-forcas-de-seguranca-no-combate-ao-crime-em-itambe\/","title":{"rendered":"Opera\u00e7\u00e3o policial re\u00fane for\u00e7as de seguran\u00e7a no combate ao crime em Itamb\u00e9"},"content":{"rendered":"<h4>Uma opera\u00e7\u00e3o policial re\u00fane for\u00e7as de seguran\u00e7a no combate \u00e0 criminalidade na regi\u00e3o sudoeste da Bahia.<\/h4>\n<h4>A a\u00e7\u00e3o acontece na manh\u00e3 desta sexta-feira (4), em alguns bairros de Itamb\u00e9, e tem como alvo criminosos e o tr\u00e1fico de drogas.<\/h4>\n<h4>Segundo informa\u00e7\u00f5es preliminares, a opera\u00e7\u00e3o ainda est\u00e1 em andamento. Novas informa\u00e7\u00f5es poder\u00e3o ser divulgadas a qualquer momento<\/h4>\n","protected":false},"excerpt":{"rendered":"<p>Uma opera\u00e7\u00e3o policial re\u00fane for\u00e7as de seguran\u00e7a no combate \u00e0 criminalidade na regi\u00e3o sudoeste da Bahia. A a\u00e7\u00e3o acontece na manh\u00e3 desta sexta-feira (4), em alguns bairros de Itamb\u00e9, e tem como alvo criminosos e o tr\u00e1fico de drogas. Segundo informa\u00e7\u00f5es preliminares, a opera\u00e7\u00e3o ainda est\u00e1 em andamento. Novas informa\u00e7\u00f5es poder\u00e3o ser divulgadas a qualquer momento<\/p>\n","protected":false},"author":4,"featured_media":182890,"comment_status":"open","ping_status":"open","sticky":false,"template":"","format":"standard","meta":[],"categories":[306],"tags":[],"_links":{"self":[{"href":"https:\/\/www.cronicasdeitarantim.com.br\/v1\/wp-json\/wp\/v2\/posts\/182889"}],"collection":[{"href":"https:\/\/www.cronicasdeitarantim.com.br\/v1\/wp-json\/wp\/v2\/posts"}],"about":[{"href":"https:\/\/www.cronicasdeitarantim.com.br\/v1\/wp-json\/wp\/v2\/types\/post"}],"author":[{"embeddable":true,"href":"https:\/\/www.cronicasdeitarantim.com.br\/v1\/wp-json\/wp\/v2\/users\/4"}],"replies":[{"embeddable":true,"href":"https:\/\/www.cronicasdeitarantim.com.br\/v1\/wp-json\/wp\/v2\/comments?post=182889"}],"version-history":[{"count":2,"href":"https:\/\/www.cronicasdeitarantim.com.br\/v1\/wp-json\/wp\/v2\/posts\/182889\/revisions"}],"predecessor-version":[{"id":182892,"href":"https:\/\/www.cronicasdeitarantim.com.br\/v1\/wp-json\/wp\/v2\/posts\/182889\/revisions\/182892"}],"wp:featuredmedia":[{"embeddable":true,"href":"https:\/\/www.cronicasdeitarantim.com.br\/v1\/wp-json\/wp\/v2\/media\/182890"}],"wp:attachment":[{"href":"https:\/\/www.cronicasdeitarantim.com.br\/v1\/wp-json\/wp\/v2\/media?parent=182889"}],"wp:term":[{"taxonomy":"category","embeddable":true,"href":"https:\/\/www.cronicasdeitarantim.com.br\/v1\/wp-json\/wp\/v2\/categories?post=182889"},{"taxonomy":"post_tag","embeddable":true,"href":"https:\/\/www.cronicasdeitarantim.com.br\/v1\/wp-json\/wp\/v2\/tags?post=182889"}],"curies":[{"name":"wp","href":"https:\/\/api.w.org\/{rel}","templated":true}]}}