{"id":182882,"date":"2026-09-03T22:36:32","date_gmt":"2026-09-04T01:36:32","guid":{"rendered":"https:\/\/www.cronicasdeitarantim.com.br\/v1\/?p=182882"},"modified":"2026-09-03T22:39:58","modified_gmt":"2026-09-04T01:39:58","slug":"jeronimo-tem-aprovacao-em-cidades-comandadas-por-prefeitos-que-apoiam-acm-feira-de-santana-e-vitoria-da-conquista-sao-algumas-delas","status":"publish","type":"post","link":"https:\/\/www.cronicasdeitarantim.com.br\/v1\/2026\/09\/03\/jeronimo-tem-aprovacao-em-cidades-comandadas-por-prefeitos-que-apoiam-acm-feira-de-santana-e-vitoria-da-conquista-sao-algumas-delas\/","title":{"rendered":"Jer\u00f4nimo tem aprova\u00e7\u00e3o em cidades comandadas por prefeitos que apoiam ACM: Feira de Santana e Vit\u00f3ria da Conquista s\u00e3o algumas delas."},"content":{"rendered":"<h4>A pesquisa AtlasIntel com inten\u00e7\u00e3o de votos para o Governo da Bahia divulgada nesta quinta-feira, 03 de setembro, aponta que a maioria da popula\u00e7\u00e3o aprova Jer\u00f4nimo Rodrigues em cidades tradicionalmente comandadas pela oposi\u00e7\u00e3o. Os dados revelam que, embora os prefeitos fa\u00e7am campanha para ACM Neto, a maior parte dos eleitores tem uma vis\u00e3o positiva sobre o comando do governo. O caso mais evidente \u00e9 Feira de Santana.<\/h4>\n<h4>Na segunda maior cidade da Bahia, comandada pelo prefeito aliado de ACM Neto, Jer\u00f4nimo tem aprova\u00e7\u00e3o de 61%. A inten\u00e7\u00e3o de votos para o candidato \u00e0 reelei\u00e7\u00e3o na cidade chega a 61,3%, enquanto o ex-prefeito de Salvador tem 37,1%. O cen\u00e1rio mostra uma invers\u00e3o em rela\u00e7\u00e3o ao pleito de 2022, quando ACM Neto venceu no munic\u00edpio nos dois turnos.<\/h4>\n<h4>Nesta quinta-feira (3), Jer\u00f4nimo realiza uma caminhada na cidade ao lado do Time de Lula, a partir das 17 horas, no bairro Feira IX. A mobiliza\u00e7\u00e3o ocorre dias ap\u00f3s outro ato\u00a0\u00a0<span class=\"google-anno-t\">pol\u00edtico<\/span>\u00a0na cidade, que reuniu cerca de 20 mil pessoas em uma grande caminhada.<\/h4>\n<h4>A aprova\u00e7\u00e3o de Jer\u00f4nimo tamb\u00e9m \u00e9 alta em outras cidades governadas pela oposi\u00e7\u00e3o, onde os prefeitos pedem votos para ACM Neto. \u00c9 o caso de Barreiras e Vit\u00f3ria da Conquista, onde a avalia\u00e7\u00e3o positiva do governador \u00e9 de 53%, segundo dados da Atlas. Jer\u00f4nimo tamb\u00e9m tem imagem positiva para 48% dos eleitores baianos, superior ao do opositor, que \u00e9 visto de forma positiva para 45%.<\/h4>\n<h4>A pesquisa AtlasIntel\/A Tarde est\u00e1 registrado no Tribunal Superior Eleitoral (TSE) sob o n\u00famero BA-08891\/2026. O levantamento ouviu 1.804 eleitores da Bahia entre os dias 28 de agosto e 2 de setembro, e possui margem de erro de dois pontos percentuais. (Marcos Frham).<\/h4>\n","protected":false},"excerpt":{"rendered":"<p>A pesquisa AtlasIntel com inten\u00e7\u00e3o de votos para o Governo da Bahia divulgada nesta quinta-feira, 03 de setembro, aponta que a maioria da popula\u00e7\u00e3o aprova Jer\u00f4nimo Rodrigues em cidades tradicionalmente comandadas pela oposi\u00e7\u00e3o. Os dados revelam que, embora os prefeitos fa\u00e7am campanha para ACM Neto, a maior parte dos eleitores tem uma vis\u00e3o positiva sobre o comando do governo. O caso mais evidente \u00e9 Feira de Santana. Na segunda maior cidade da Bahia, comandada pelo prefeito aliado de ACM Neto, Jer\u00f4nimo tem aprova\u00e7\u00e3o de 61%. A inten\u00e7\u00e3o de votos para o candidato \u00e0 reelei\u00e7\u00e3o na cidade chega a 61,3%, enquanto [&hellip;]<\/p>\n","protected":false},"author":4,"featured_media":182883,"comment_status":"open","ping_status":"open","sticky":false,"template":"","format":"standard","meta":[],"categories":[304],"tags":[],"_links":{"self":[{"href":"https:\/\/www.cronicasdeitarantim.com.br\/v1\/wp-json\/wp\/v2\/posts\/182882"}],"collection":[{"href":"https:\/\/www.cronicasdeitarantim.com.br\/v1\/wp-json\/wp\/v2\/posts"}],"about":[{"href":"https:\/\/www.cronicasdeitarantim.com.br\/v1\/wp-json\/wp\/v2\/types\/post"}],"author":[{"embeddable":true,"href":"https:\/\/www.cronicasdeitarantim.com.br\/v1\/wp-json\/wp\/v2\/users\/4"}],"replies":[{"embeddable":true,"href":"https:\/\/www.cronicasdeitarantim.com.br\/v1\/wp-json\/wp\/v2\/comments?post=182882"}],"version-history":[{"count":4,"href":"https:\/\/www.cronicasdeitarantim.com.br\/v1\/wp-json\/wp\/v2\/posts\/182882\/revisions"}],"predecessor-version":[{"id":182887,"href":"https:\/\/www.cronicasdeitarantim.com.br\/v1\/wp-json\/wp\/v2\/posts\/182882\/revisions\/182887"}],"wp:featuredmedia":[{"embeddable":true,"href":"https:\/\/www.cronicasdeitarantim.com.br\/v1\/wp-json\/wp\/v2\/media\/182883"}],"wp:attachment":[{"href":"https:\/\/www.cronicasdeitarantim.com.br\/v1\/wp-json\/wp\/v2\/media?parent=182882"}],"wp:term":[{"taxonomy":"category","embeddable":true,"href":"https:\/\/www.cronicasdeitarantim.com.br\/v1\/wp-json\/wp\/v2\/categories?post=182882"},{"taxonomy":"post_tag","embeddable":true,"href":"https:\/\/www.cronicasdeitarantim.com.br\/v1\/wp-json\/wp\/v2\/tags?post=182882"}],"curies":[{"name":"wp","href":"https:\/\/api.w.org\/{rel}","templated":true}]}}