{"id":182879,"date":"2026-09-03T22:26:08","date_gmt":"2026-09-04T01:26:08","guid":{"rendered":"https:\/\/www.cronicasdeitarantim.com.br\/v1\/?p=182879"},"modified":"2026-09-03T22:26:08","modified_gmt":"2026-09-04T01:26:08","slug":"governo-entrega-136-novas-viaturas-para-a-seguranca-publica-no-medio-sudoeste-itapetinga-foi-contemplada","status":"publish","type":"post","link":"https:\/\/www.cronicasdeitarantim.com.br\/v1\/2026\/09\/03\/governo-entrega-136-novas-viaturas-para-a-seguranca-publica-no-medio-sudoeste-itapetinga-foi-contemplada\/","title":{"rendered":"Governo entrega 136 novas viaturas para a seguran\u00e7a p\u00fablica, no m\u00e9dio sudoeste Itapetinga foi contemplada"},"content":{"rendered":"<h4>O Governo do Estado entregou nesta quinta-feira, 03 de setembro, 136 novas viaturas para refor\u00e7ar a atua\u00e7\u00e3o da Pol\u00edcia Militar e das unidades da Secretaria da Seguran\u00e7a P\u00fablica da Bahia. A entrega integra a orienta\u00e7\u00e3o do governador Jer\u00f4nimo Rodrigues de ampliar a presen\u00e7a das for\u00e7as de seguran\u00e7a nas ruas e combater o crime sem tr\u00e9guas, com investimento permanente em estrutura, intelig\u00eancia, tecnologia e capacidade operacional.<\/h4>\n<h4>A distribui\u00e7\u00e3o refor\u00e7a uma estrat\u00e9gia de presen\u00e7a policial em todo o estado, alcan\u00e7ando grandes centros urbanos e munic\u00edpios de m\u00e9dio e pequeno porte. Na regi\u00e3o do m\u00e9dio sudoeste, apenas Itapetinga foi contemplada.<\/h4>\n<h4>Os novos ve\u00edculos, dos modelos SUV e picape, representam mais um refor\u00e7o para o trabalho di\u00e1rio das for\u00e7as de seguran\u00e7a e ser\u00e3o distribu\u00eddos entre Salvador, Regi\u00e3o Metropolitana e munic\u00edpios de diferentes regi\u00f5es do interior. Com a renova\u00e7\u00e3o da frota, o governo amplia a capacidade de patrulhamento, d\u00e1 melhores condi\u00e7\u00f5es de trabalho \u00e0s equipes e fortalece a resposta policial nos territ\u00f3rios.<\/h4>\n<h4>Veja cidades:<\/h4>\n<h4>As novas viaturas ser\u00e3o incorporadas principalmente \u00e0s unidades operacionais da Pol\u00edcia Militar. Foram contemplados Barreiras, Bom Jesus da Lapa, Cachoeira, Cama\u00e7ari, Candeias, Cip\u00f3, Cura\u00e7\u00e1, Dias d\u2019\u00c1vila, Eun\u00e1polis, Feira de Santana, Gandu, Ilh\u00e9us, Ipia\u00fa, Itaberaba, Itapetinga, Lauro de Freitas, Lu\u00eds Eduardo Magalh\u00e3es, Jequi\u00e9, Juazeiro, Marac\u00e1s, Maragogipe, Mata de S\u00e3o Jo\u00e3o, Morro do Chap\u00e9u, Nova Vi\u00e7osa, Paulo Afonso, Pojuca, Porto Seguro, Ribeira do Pombal, Rio Real, Ruy Barbosa, Salvador, Santo Ant\u00f4nio de Jesus, Santo Estev\u00e3o, Sim\u00f5es Filho, Valen\u00e7a e Vit\u00f3ria da Conquista.<\/h4>\n","protected":false},"excerpt":{"rendered":"<p>O Governo do Estado entregou nesta quinta-feira, 03 de setembro, 136 novas viaturas para refor\u00e7ar a atua\u00e7\u00e3o da Pol\u00edcia Militar e das unidades da Secretaria da Seguran\u00e7a P\u00fablica da Bahia. A entrega integra a orienta\u00e7\u00e3o do governador Jer\u00f4nimo Rodrigues de ampliar a presen\u00e7a das for\u00e7as de seguran\u00e7a nas ruas e combater o crime sem tr\u00e9guas, com investimento permanente em estrutura, intelig\u00eancia, tecnologia e capacidade operacional. A distribui\u00e7\u00e3o refor\u00e7a uma estrat\u00e9gia de presen\u00e7a policial em todo o estado, alcan\u00e7ando grandes centros urbanos e munic\u00edpios de m\u00e9dio e pequeno porte. Na regi\u00e3o do m\u00e9dio sudoeste, apenas Itapetinga foi contemplada. Os novos ve\u00edculos, [&hellip;]<\/p>\n","protected":false},"author":4,"featured_media":182880,"comment_status":"open","ping_status":"open","sticky":false,"template":"","format":"standard","meta":[],"categories":[295],"tags":[],"_links":{"self":[{"href":"https:\/\/www.cronicasdeitarantim.com.br\/v1\/wp-json\/wp\/v2\/posts\/182879"}],"collection":[{"href":"https:\/\/www.cronicasdeitarantim.com.br\/v1\/wp-json\/wp\/v2\/posts"}],"about":[{"href":"https:\/\/www.cronicasdeitarantim.com.br\/v1\/wp-json\/wp\/v2\/types\/post"}],"author":[{"embeddable":true,"href":"https:\/\/www.cronicasdeitarantim.com.br\/v1\/wp-json\/wp\/v2\/users\/4"}],"replies":[{"embeddable":true,"href":"https:\/\/www.cronicasdeitarantim.com.br\/v1\/wp-json\/wp\/v2\/comments?post=182879"}],"version-history":[{"count":1,"href":"https:\/\/www.cronicasdeitarantim.com.br\/v1\/wp-json\/wp\/v2\/posts\/182879\/revisions"}],"predecessor-version":[{"id":182881,"href":"https:\/\/www.cronicasdeitarantim.com.br\/v1\/wp-json\/wp\/v2\/posts\/182879\/revisions\/182881"}],"wp:featuredmedia":[{"embeddable":true,"href":"https:\/\/www.cronicasdeitarantim.com.br\/v1\/wp-json\/wp\/v2\/media\/182880"}],"wp:attachment":[{"href":"https:\/\/www.cronicasdeitarantim.com.br\/v1\/wp-json\/wp\/v2\/media?parent=182879"}],"wp:term":[{"taxonomy":"category","embeddable":true,"href":"https:\/\/www.cronicasdeitarantim.com.br\/v1\/wp-json\/wp\/v2\/categories?post=182879"},{"taxonomy":"post_tag","embeddable":true,"href":"https:\/\/www.cronicasdeitarantim.com.br\/v1\/wp-json\/wp\/v2\/tags?post=182879"}],"curies":[{"name":"wp","href":"https:\/\/api.w.org\/{rel}","templated":true}]}}