{"id":182876,"date":"2026-09-03T22:08:42","date_gmt":"2026-09-04T01:08:42","guid":{"rendered":"https:\/\/www.cronicasdeitarantim.com.br\/v1\/?p=182876"},"modified":"2026-09-03T22:08:42","modified_gmt":"2026-09-04T01:08:42","slug":"ex-prefeito-de-cidade-da-bahia-tera-que-devolver-r-89-milhoes-aos-cofres-publicos","status":"publish","type":"post","link":"https:\/\/www.cronicasdeitarantim.com.br\/v1\/2026\/09\/03\/ex-prefeito-de-cidade-da-bahia-tera-que-devolver-r-89-milhoes-aos-cofres-publicos\/","title":{"rendered":"Ex-prefeito de cidade da Bahia ter\u00e1 que devolver R$ 8,9 milh\u00f5es aos cofres p\u00fablicos"},"content":{"rendered":"<h4 align=\"justify\">O ex-prefeito de Xique-Xique, Reinaldo Teixeira Braga Filho, ter\u00e1 que devolver aos cofres municipais R$8,9 milh\u00f5es, em raz\u00e3o de danos causados ao er\u00e1rio durante os exerc\u00edcios de 2017 a 2019. A decis\u00e3o foi tomada pelos conselheiros do Tribunal de Contas dos Munic\u00edpios da Bahia (TCM-BA) na sess\u00e3o desta quinta-feira, 03 de setembro, ao julgar um processo de den\u00fancia.<\/h4>\n<h4 align=\"justify\">O conselheiro Paulo Rangel, relator da a\u00e7\u00e3o, tamb\u00e9m aplicou multa de R$6 mil ao gestor e determinou o envio de representa\u00e7\u00e3o ao Minist\u00e9rio P\u00fablico Estadual para que seja apurada a pr\u00e1tica de ato il\u00edcito.<\/h4>\n<h4 align=\"justify\">A den\u00fancia foi apresentada por um vereador do munic\u00edpio que questionou a corre\u00e7\u00e3o da contrata\u00e7\u00e3o da \u201cCooperativa de Trabalho em Assist\u00eancia Social e Sa\u00fade do Estado da Bahia\u201d (Coopasaud) para prestar servi\u00e7os t\u00e9cnicos em diversas secretarias municipais.<\/h4>\n<h4 align=\"justify\">Entre as irregularidades por ele apontadas estavam a terceiriza\u00e7\u00e3o de profissionais para fun\u00e7\u00f5es que fazem parte da estrutura de cargos efetivos do munic\u00edpio, al\u00e9m de falhas no planejamento, na fiscaliza\u00e7\u00e3o e no acompanhamento dos servi\u00e7os contratados.<\/h4>\n<h4>Para o relator, as irregularidades demonstraram falhas relevantes na execu\u00e7\u00e3o e no controle do contrato, al\u00e9m de comprometerem a adequada aplica\u00e7\u00e3o dos recursos p\u00fablicos.<\/h4>\n","protected":false},"excerpt":{"rendered":"<p>O ex-prefeito de Xique-Xique, Reinaldo Teixeira Braga Filho, ter\u00e1 que devolver aos cofres municipais R$8,9 milh\u00f5es, em raz\u00e3o de danos causados ao er\u00e1rio durante os exerc\u00edcios de 2017 a 2019. A decis\u00e3o foi tomada pelos conselheiros do Tribunal de Contas dos Munic\u00edpios da Bahia (TCM-BA) na sess\u00e3o desta quinta-feira, 03 de setembro, ao julgar um processo de den\u00fancia. O conselheiro Paulo Rangel, relator da a\u00e7\u00e3o, tamb\u00e9m aplicou multa de R$6 mil ao gestor e determinou o envio de representa\u00e7\u00e3o ao Minist\u00e9rio P\u00fablico Estadual para que seja apurada a pr\u00e1tica de ato il\u00edcito. A den\u00fancia foi apresentada por um vereador do [&hellip;]<\/p>\n","protected":false},"author":4,"featured_media":182877,"comment_status":"open","ping_status":"open","sticky":false,"template":"","format":"standard","meta":[],"categories":[295],"tags":[],"_links":{"self":[{"href":"https:\/\/www.cronicasdeitarantim.com.br\/v1\/wp-json\/wp\/v2\/posts\/182876"}],"collection":[{"href":"https:\/\/www.cronicasdeitarantim.com.br\/v1\/wp-json\/wp\/v2\/posts"}],"about":[{"href":"https:\/\/www.cronicasdeitarantim.com.br\/v1\/wp-json\/wp\/v2\/types\/post"}],"author":[{"embeddable":true,"href":"https:\/\/www.cronicasdeitarantim.com.br\/v1\/wp-json\/wp\/v2\/users\/4"}],"replies":[{"embeddable":true,"href":"https:\/\/www.cronicasdeitarantim.com.br\/v1\/wp-json\/wp\/v2\/comments?post=182876"}],"version-history":[{"count":1,"href":"https:\/\/www.cronicasdeitarantim.com.br\/v1\/wp-json\/wp\/v2\/posts\/182876\/revisions"}],"predecessor-version":[{"id":182878,"href":"https:\/\/www.cronicasdeitarantim.com.br\/v1\/wp-json\/wp\/v2\/posts\/182876\/revisions\/182878"}],"wp:featuredmedia":[{"embeddable":true,"href":"https:\/\/www.cronicasdeitarantim.com.br\/v1\/wp-json\/wp\/v2\/media\/182877"}],"wp:attachment":[{"href":"https:\/\/www.cronicasdeitarantim.com.br\/v1\/wp-json\/wp\/v2\/media?parent=182876"}],"wp:term":[{"taxonomy":"category","embeddable":true,"href":"https:\/\/www.cronicasdeitarantim.com.br\/v1\/wp-json\/wp\/v2\/categories?post=182876"},{"taxonomy":"post_tag","embeddable":true,"href":"https:\/\/www.cronicasdeitarantim.com.br\/v1\/wp-json\/wp\/v2\/tags?post=182876"}],"curies":[{"name":"wp","href":"https:\/\/api.w.org\/{rel}","templated":true}]}}