{"id":182873,"date":"2026-09-03T21:29:25","date_gmt":"2026-09-04T00:29:25","guid":{"rendered":"https:\/\/www.cronicasdeitarantim.com.br\/v1\/?p=182873"},"modified":"2026-09-03T21:29:25","modified_gmt":"2026-09-04T00:29:25","slug":"delacao-vorcaro-diz-que-r-5-mi-doados-a-tarcisio-e-bolsonaro-foram-propina","status":"publish","type":"post","link":"https:\/\/www.cronicasdeitarantim.com.br\/v1\/2026\/09\/03\/delacao-vorcaro-diz-que-r-5-mi-doados-a-tarcisio-e-bolsonaro-foram-propina\/","title":{"rendered":"Dela\u00e7\u00e3o: Vorcaro diz que R$ 5 mi doados a Tarc\u00edsio e Bolsonaro foram propina"},"content":{"rendered":"<div class=\"sc-24c322fd-0 imQYhj\">\n<div class=\"sc-24c322fd-1 laZqPV\">\n<div class=\"sc-24c322fd-3 giHdVV\">\n<h4>O ex-banqueiro Daniel Vorcaro afirmou, em uma proposta de dela\u00e7\u00e3o premiada, que os R$ 5 milh\u00f5es doados em 2022 para campanhas de Tarc\u00edsio de Freitas (Republicanos) e Jair Bolsonaro (PL) teriam sido parte de uma negocia\u00e7\u00e3o de propina.\u00a0Segundo Vorcaro, foram destinados R$ 2 milh\u00f5es \u00e0 campanha de Tarc\u00edsio e R$ 3 milh\u00f5es \u00e0 de Bolsonaro.\u00a0O relato foi revelado pelo UOL nesta quinta-feira (3).<\/h4>\n<h4>Naquele ano, Fabiano Zettel, cunhado do ex-banqueiro e tamb\u00e9m investigado na Opera\u00e7\u00e3o Compliance Zero, foi o maior doador das campanhas.\u00a0O empres\u00e1rio afirmou que os valores seriam \u201ccontrapartidas financeiras\u201d relacionadas a um suposto \u201cajuste indevido com Gilberto Kassab\u201d para garantir a perman\u00eancia do Credcesta no governo de S\u00e3o Paulo.<\/h4>\n<h4>De acordo com o relato, Augusto Lima, s\u00f3cio do Banco Master respons\u00e1vel pela expans\u00e3o do Credcesta, teria buscado assegurar a continuidade do neg\u00f3cio diante da possibilidade de vit\u00f3ria de Tarc\u00edsio nas elei\u00e7\u00f5es daquele ano.\u00a0Vorcaro disse ainda que o pagamento seria inicialmente feito integralmente em dinheiro.<\/h4>\n<h4>Segundo ele, Kassab ou interlocutores teriam informado que era necess\u00e1rio cumprir compromissos com partidos aliados e que, nesse caso, as legendas aceitariam apenas doa\u00e7\u00f5es oficiais.\u00a0A proposta de colabora\u00e7\u00e3o, por\u00e9m, foi rejeitada pela Pol\u00edcia Federal e pela Procuradoria-Geral da Rep\u00fablica.<\/h4>\n<h4>O presidente do PSD afirmou que nunca tratou de doa\u00e7\u00f5es com Vorcaro ou Augusto Lima e disse n\u00e3o ter qualquer rela\u00e7\u00e3o com o ex-banqueiro. A defesa de Tarc\u00edsio tamb\u00e9m negou v\u00ednculo com Vorcaro. Em nota, afirmou que a campanha de 2022 teve mais de 600 doadores, seguiu a legisla\u00e7\u00e3o eleitoral e teve as contas aprovadas pela Justi\u00e7a Eleitoral.<\/h4>\n<\/div>\n<\/div>\n<div>\n<div class=\"sc-a2085f8e-0 gKIthy\"><\/div>\n<\/div>\n<\/div>\n<div>\n<div id=\"Div_Feed_Desktop_Mobile_Advision_1\" class=\"sc-c056192d-0 hHMtsr\" data-google-query-id=\"CMG_9I_P05YDFZ8hHgAdbzkBFw\"><\/div>\n<\/div>\n","protected":false},"excerpt":{"rendered":"<p>O ex-banqueiro Daniel Vorcaro afirmou, em uma proposta de dela\u00e7\u00e3o premiada, que os R$ 5 milh\u00f5es doados em 2022 para campanhas de Tarc\u00edsio de Freitas (Republicanos) e Jair Bolsonaro (PL) teriam sido parte de uma negocia\u00e7\u00e3o de propina.\u00a0Segundo Vorcaro, foram destinados R$ 2 milh\u00f5es \u00e0 campanha de Tarc\u00edsio e R$ 3 milh\u00f5es \u00e0 de Bolsonaro.\u00a0O relato foi revelado pelo UOL nesta quinta-feira (3). Naquele ano, Fabiano Zettel, cunhado do ex-banqueiro e tamb\u00e9m investigado na Opera\u00e7\u00e3o Compliance Zero, foi o maior doador das campanhas.\u00a0O empres\u00e1rio afirmou que os valores seriam \u201ccontrapartidas financeiras\u201d relacionadas a um suposto \u201cajuste indevido com Gilberto Kassab\u201d [&hellip;]<\/p>\n","protected":false},"author":4,"featured_media":182874,"comment_status":"open","ping_status":"open","sticky":false,"template":"","format":"standard","meta":[],"categories":[296],"tags":[],"_links":{"self":[{"href":"https:\/\/www.cronicasdeitarantim.com.br\/v1\/wp-json\/wp\/v2\/posts\/182873"}],"collection":[{"href":"https:\/\/www.cronicasdeitarantim.com.br\/v1\/wp-json\/wp\/v2\/posts"}],"about":[{"href":"https:\/\/www.cronicasdeitarantim.com.br\/v1\/wp-json\/wp\/v2\/types\/post"}],"author":[{"embeddable":true,"href":"https:\/\/www.cronicasdeitarantim.com.br\/v1\/wp-json\/wp\/v2\/users\/4"}],"replies":[{"embeddable":true,"href":"https:\/\/www.cronicasdeitarantim.com.br\/v1\/wp-json\/wp\/v2\/comments?post=182873"}],"version-history":[{"count":1,"href":"https:\/\/www.cronicasdeitarantim.com.br\/v1\/wp-json\/wp\/v2\/posts\/182873\/revisions"}],"predecessor-version":[{"id":182875,"href":"https:\/\/www.cronicasdeitarantim.com.br\/v1\/wp-json\/wp\/v2\/posts\/182873\/revisions\/182875"}],"wp:featuredmedia":[{"embeddable":true,"href":"https:\/\/www.cronicasdeitarantim.com.br\/v1\/wp-json\/wp\/v2\/media\/182874"}],"wp:attachment":[{"href":"https:\/\/www.cronicasdeitarantim.com.br\/v1\/wp-json\/wp\/v2\/media?parent=182873"}],"wp:term":[{"taxonomy":"category","embeddable":true,"href":"https:\/\/www.cronicasdeitarantim.com.br\/v1\/wp-json\/wp\/v2\/categories?post=182873"},{"taxonomy":"post_tag","embeddable":true,"href":"https:\/\/www.cronicasdeitarantim.com.br\/v1\/wp-json\/wp\/v2\/tags?post=182873"}],"curies":[{"name":"wp","href":"https:\/\/api.w.org\/{rel}","templated":true}]}}