{"id":182870,"date":"2026-09-03T21:24:16","date_gmt":"2026-09-04T00:24:16","guid":{"rendered":"https:\/\/www.cronicasdeitarantim.com.br\/v1\/?p=182870"},"modified":"2026-09-03T21:24:16","modified_gmt":"2026-09-04T00:24:16","slug":"brasil-ue-suspende-carne-brasileira-por-antibioticos-setor-estima-prejuizo-de-us-2-bi","status":"publish","type":"post","link":"https:\/\/www.cronicasdeitarantim.com.br\/v1\/2026\/09\/03\/brasil-ue-suspende-carne-brasileira-por-antibioticos-setor-estima-prejuizo-de-us-2-bi\/","title":{"rendered":"Brasil: UE suspende carne brasileira por antibi\u00f3ticos; setor estima preju\u00edzo de US$ 2 bi"},"content":{"rendered":"<div class=\"sc-24c322fd-0 imQYhj\">\n<div class=\"sc-24c322fd-1 laZqPV\">\n<div class=\"sc-24c322fd-3 giHdVV\">\n<h4>O acesso da carne brasileira a um mercado que paga caro pelo produto esbarra a partir desta quinta-feira (3) na decis\u00e3o da UE (Uni\u00e3o Europeia) de suspender a importa\u00e7\u00e3o de carne bovina, ovos, carne de frango e de outras aves provenientes do Brasil.<\/h4>\n<h4>Enquanto o bloco cobra garantias de cumprimento de suas normas sanit\u00e1rias, entidades brasileiras se mobilizam para reverter a medida.<\/h4>\n<h4>Em maio, o Brasil foi retirado de uma lista de pa\u00edses que cumprem as regras da UE sobre o uso de antibi\u00f3ticos na produ\u00e7\u00e3o pecu\u00e1ria, em meio \u00e0 press\u00e3o do setor europeu ap\u00f3s a assinatura do acordo de livre com\u00e9rcio com os pa\u00edses do Mercosul -Argentina, Brasil, Paraguai e Uruguai-, em 1\u00ba de maio.<\/h4>\n<h4>Segundo a Comiss\u00e3o Europeia, o Brasil n\u00e3o apresentou garantias suficientes sobre o cumprimento dessas normas. A decis\u00e3o foi assinada e publicada em junho pela presidente da Comiss\u00e3o Europeia, Ursula von der Leyen, formalizando a determina\u00e7\u00e3o que havia sido anunciada pelo bloco em maio.<\/h4>\n<h4>Apesar da interven\u00e7\u00e3o pessoal do presidente Luiz In\u00e1cio Lula da Silva (PT) e de tratativas t\u00e9cnicas e diplom\u00e1ticas nos \u00faltimos meses, o bloco n\u00e3o flexibilizou a decis\u00e3o, anunciada em maio, de retirar o Brasil da lista de pa\u00edses autorizados a vender os produtos \u00e0 UE.<\/h4>\n<h4>Um porta-voz da Uni\u00e3o Europeia afirmou \u00e0 ag\u00eancia AFP que o Brasil \u00e9 um parceiro importante e que assim que esse cumprimento for comprovado, as exporta\u00e7\u00f5es poder\u00e3o ser retomadas.<\/h4>\n<h4>\u00a0As medidas fazem parte da pol\u00edtica europeia de combate \u00e0 resist\u00eancia dos microrganismos aos medicamentos, buscando evitar o uso desnecess\u00e1rio de antibi\u00f3ticos.<\/h4>\n<h4>As regras pro\u00edbem o uso desses produtos na pecu\u00e1ria para estimular o crescimento dos animais e tamb\u00e9m restringem antimicrobianos reservados ao tratamento de infec\u00e7\u00f5es em humanos.<\/h4>\n<h4>A Uni\u00e3o Europeia \u00e9 um mercado estrat\u00e9gico para o Brasil, principalmente pelo alto valor agregado e pelo perfil espec\u00edfico dos cortes comercializados, e n\u00e3o h\u00e1 substitui\u00e7\u00e3o autom\u00e1tica desse mercado, j\u00e1 que diferentes destinos demandam produtos e cortes distintos.<\/h4>\n<h4>Segundo dados do setor, no per\u00edodo de janeiro a julho de 2026, as exporta\u00e7\u00f5es brasileiras de carne bovina para a Uni\u00e3o Europeia somaram 63,7 mil toneladas e US$ 562,2 milh\u00f5es, com pre\u00e7o m\u00e9dio de US$ 8.823 por tonelada.<\/h4>\n<h4>A alta \u00e9 de 10,4% em volume e de 22,8% em valor na compara\u00e7\u00e3o com igual per\u00edodo de 2025, quando o pre\u00e7o m\u00e9dio j\u00e1 era 11,2% mais baixo.<\/h4>\n<h4>No per\u00edodo, a UE representou 3,24% do volume exportado pelo Brasil e 4,92% da receita, ocupando a quarta posi\u00e7\u00e3o entre os maiores mercados em valor, a s\u00e9tima em volume e a primeira em pre\u00e7o m\u00e9dio.<\/h4>\n<h4>Em 2025, as exporta\u00e7\u00f5es brasileiras de carne bovina para o bloco haviam crescido 17% em volume, passando de 110,2 mil para 128,9 mil toneladas, com receita 18,1% maior, de US$ 895,7 milh\u00f5es para US$ 1,058 bilh\u00e3o.<\/h4>\n<h4>A suspens\u00e3o das importa\u00e7\u00f5es tamb\u00e9m afeta ovos e mel. Quando considerados todos os itens, o impacto anual estimado poderia ficar pr\u00f3ximo de US$ 2 bilh\u00f5es.<\/h4>\n<h4>No caso da carne de aves e do mel, uma auditoria est\u00e1 em andamento e deve ser conclu\u00edda nesta sexta-feira (4); se os resultados forem considerados satisfat\u00f3rios pela UE, as importa\u00e7\u00f5es brasileiras poder\u00e3o voltar a ser autorizadas j\u00e1 neste ano.<\/h4>\n<h4>Para a carne bovina, por\u00e9m, o prazo pode ser mais longo, devido \u00e0 dura\u00e7\u00e3o dos ciclos de produ\u00e7\u00e3o, informou a Comiss\u00e3o Europeia, podendo demorar at\u00e9 2028.<\/h4>\n<h4>Segundo relat\u00f3rio do Rabobank, a suspens\u00e3o aperta o fornecimento de carne bovina e frango da UE e pode levar a uma alta dos pre\u00e7os no mercado europeu, embora o impacto nos mercados de carne bovina seja mais pronunciado no segmento premium.<\/h4>\n<h4>&#8220;Suspender as importa\u00e7\u00f5es de carne bovina da UE do Brasil intensificaria ainda mais a press\u00e3o sobre as exporta\u00e7\u00f5es brasileiras, que j\u00e1 devem enfrentar obst\u00e1culos na segunda metade de 2026 devido \u00e0s restri\u00e7\u00f5es de cotas tarif\u00e1rias da China&#8221;, diz o documento.<\/h4>\n<h4>Por outro lado, embora a Uni\u00e3o Europeia compre mais de fornecedores alternativos -como Argentina, Uruguai e Austr\u00e1lia para carne bovina, e Ucr\u00e2nia, Tail\u00e2ndia e China para aves- \u00e9 improv\u00e1vel que essas fontes compensem totalmente os volumes ausentes no Brasil.<\/h4>\n<h4>Em julho, a Argentina conseguiu a reabertura do mercado da UE para a exporta\u00e7\u00e3o de aves e ovos, tendo recuperado seu status de pa\u00eds livre de gripe avi\u00e1ria. Mais de 40 f\u00e1bricas de processamento de carne do pa\u00eds est\u00e3o autorizadas a exportar carne bovina para a Uni\u00e3o Europeia.<\/h4>\n<h4>Procurado para comentar o tema, o Mapa (Minist\u00e9rio da Agricultura e Pecu\u00e1ria) ainda n\u00e3o se pronunciou.<\/h4>\n<h4>As entidades do setortor dizem acompanhar as negocia\u00e7\u00f5es, conduzidas em \u00e2mbito governamental, e seguir fornecendo os subs\u00eddios t\u00e9cnicos necess\u00e1rios para o restabelecimento do fluxo comercial.<\/h4>\n<h4>A Abiec (Associa\u00e7\u00e3o Brasileira das Ind\u00fastrias Exportadoras de Carnes) informou que, desde que as novas exig\u00eancias relacionadas ao uso de antimicrobianos foram comunicadas, vem atuando em conjunto com os demais elos da cadeia produtiva e prestando suporte t\u00e9cnico ao Mapa.<\/h4>\n<h4>De acordo com a Abiec, os esfor\u00e7os atuais est\u00e3o concentrados na reinclus\u00e3o do Brasil entre os pa\u00edses aptos a exportar para o bloco, uma vez que as garantias oficiais do Mapa j\u00e1 foram apresentadas.<\/h4>\n<h4>No \u00e2mbito privado, foi elaborado um protocolo de controle sobre o uso de antimicrobianos, desenvolvido em conjunto com a Abcar (Associa\u00e7\u00e3o Brasileira das Certificadoras por Auditoria e Rastreabilidade) e pela CNA (Confedera\u00e7\u00e3o da Agricultura e Pecu\u00e1ria do Brasil).<\/h4>\n<h4>O presidente da CNA, Jo\u00e3o Martins, enviou of\u00edcios ao Itamaraty e ao presidente da Comiss\u00e3o de Rela\u00e7\u00f5es Exteriores do Senado, Nelsinho Trad (PSD-MS), alertando para os preju\u00edzos ao setor agropecu\u00e1rio com a decis\u00e3o.<\/h4>\n<h4>&#8220;A medida, decorrente da aplica\u00e7\u00e3o extraterritorial de normas sobre o uso de antimicrobianos, desconsidera o rigor do sistema oficial de defesa e inspe\u00e7\u00e3o sanit\u00e1ria do Brasil, impondo preju\u00edzos imediatos \u00e0s cadeias produtivas nacionais, gerando grave e injustificada distor\u00e7\u00e3o no acesso ao mercado europeu&#8221;, afirma Martins no of\u00edcio enviado a Mauro Vieira, ministro de Rela\u00e7\u00f5es Exteriores.<\/h4>\n<h4>A confedera\u00e7\u00e3o tamb\u00e9m divulgou um pedido ao governo brasileiro por medidas em rea\u00e7\u00e3o ao embargo, al\u00e9m de uma investiga\u00e7\u00e3o sobre a qualidade do azeite de oliva importado pelo pa\u00eds.<\/h4>\n<h4>Em uma nota sobre a investiga\u00e7\u00e3o do azeite de oliva, a CNA n\u00e3o faz qualquer men\u00e7\u00e3o aos europeus. No entanto, 89% das quase 90 mil toneladas do produto importado pelo Brasil em 2025 vieram da Uni\u00e3o Europeia, a maior parte de Portugal, seguido por Espanha e It\u00e1lia.<\/h4>\n<h4>No documento, a CNA pede o acionamento do Mecanismo de Reequil\u00edbrio de Concess\u00f5es, que &#8220;foi expressamente desenhado para resguardar as Partes contra legisla\u00e7\u00f5es unilaterais que rompam o equil\u00edbrio econ\u00f4mico-comercial pactuado&#8221;.<\/h4>\n<h4>J\u00e1 a ABPA (Associa\u00e7\u00e3o Brasileira de Prote\u00edna Animal) refor\u00e7a que a avicultura brasileira j\u00e1 cumpre integralmente todos os requisitos determinados pela Uni\u00e3o Europeia para as importa\u00e7\u00f5es de carne de frango.<\/h4>\n<h4>Principais compradores de carne bovina brasileira na Uni\u00e3o Europeia, em 2025<\/h4>\n<h4>Pa\u00eds Volume Valor<\/h4>\n<h4>1\u00ba It\u00e1lia 47,3 mil t US$ 374,2 milh\u00f5es<\/h4>\n<h4>2\u00ba Pa\u00edses Baixos 40,3 mil t US$ 383,8 milh\u00f5es<\/h4>\n<h4>3\u00ba Espanha 19,1 mil t US$ 134,9 milh\u00f5es<\/h4>\n<h4>4\u00ba Alemanha 10,7 mil t US$ 89,8 milh\u00f5es<\/h4>\n<h4>5\u00ba B\u00e9lgica 2,52 mil t US$ 17,9 milh\u00f5es<\/h4>\n<h4>Fonte: Abiec, a partir de dados do Mapa<\/h4>\n<\/div>\n<\/div>\n<div>\n<div class=\"sc-a2085f8e-0 gKIthy\"><\/div>\n<\/div>\n<\/div>\n<div class=\"sc-24c322fd-0 imQYhj\">\n<div class=\"sc-b4c8ccf3-0 fsXNOt\"><\/div>\n<\/div>\n","protected":false},"excerpt":{"rendered":"<p>O acesso da carne brasileira a um mercado que paga caro pelo produto esbarra a partir desta quinta-feira (3) na decis\u00e3o da UE (Uni\u00e3o Europeia) de suspender a importa\u00e7\u00e3o de carne bovina, ovos, carne de frango e de outras aves provenientes do Brasil. Enquanto o bloco cobra garantias de cumprimento de suas normas sanit\u00e1rias, entidades brasileiras se mobilizam para reverter a medida. Em maio, o Brasil foi retirado de uma lista de pa\u00edses que cumprem as regras da UE sobre o uso de antibi\u00f3ticos na produ\u00e7\u00e3o pecu\u00e1ria, em meio \u00e0 press\u00e3o do setor europeu ap\u00f3s a assinatura do acordo de [&hellip;]<\/p>\n","protected":false},"author":4,"featured_media":182871,"comment_status":"open","ping_status":"open","sticky":false,"template":"","format":"standard","meta":[],"categories":[296],"tags":[],"_links":{"self":[{"href":"https:\/\/www.cronicasdeitarantim.com.br\/v1\/wp-json\/wp\/v2\/posts\/182870"}],"collection":[{"href":"https:\/\/www.cronicasdeitarantim.com.br\/v1\/wp-json\/wp\/v2\/posts"}],"about":[{"href":"https:\/\/www.cronicasdeitarantim.com.br\/v1\/wp-json\/wp\/v2\/types\/post"}],"author":[{"embeddable":true,"href":"https:\/\/www.cronicasdeitarantim.com.br\/v1\/wp-json\/wp\/v2\/users\/4"}],"replies":[{"embeddable":true,"href":"https:\/\/www.cronicasdeitarantim.com.br\/v1\/wp-json\/wp\/v2\/comments?post=182870"}],"version-history":[{"count":1,"href":"https:\/\/www.cronicasdeitarantim.com.br\/v1\/wp-json\/wp\/v2\/posts\/182870\/revisions"}],"predecessor-version":[{"id":182872,"href":"https:\/\/www.cronicasdeitarantim.com.br\/v1\/wp-json\/wp\/v2\/posts\/182870\/revisions\/182872"}],"wp:featuredmedia":[{"embeddable":true,"href":"https:\/\/www.cronicasdeitarantim.com.br\/v1\/wp-json\/wp\/v2\/media\/182871"}],"wp:attachment":[{"href":"https:\/\/www.cronicasdeitarantim.com.br\/v1\/wp-json\/wp\/v2\/media?parent=182870"}],"wp:term":[{"taxonomy":"category","embeddable":true,"href":"https:\/\/www.cronicasdeitarantim.com.br\/v1\/wp-json\/wp\/v2\/categories?post=182870"},{"taxonomy":"post_tag","embeddable":true,"href":"https:\/\/www.cronicasdeitarantim.com.br\/v1\/wp-json\/wp\/v2\/tags?post=182870"}],"curies":[{"name":"wp","href":"https:\/\/api.w.org\/{rel}","templated":true}]}}