{"id":182868,"date":"2026-09-03T17:24:39","date_gmt":"2026-09-03T20:24:39","guid":{"rendered":"https:\/\/www.cronicasdeitarantim.com.br\/v1\/?p=182868"},"modified":"2026-09-03T17:24:39","modified_gmt":"2026-09-03T20:24:39","slug":"itarantim-juiz-blandson-de-oliveira-soares-e-promovido-e-deixa-a-comarca-de-itarantim","status":"publish","type":"post","link":"https:\/\/www.cronicasdeitarantim.com.br\/v1\/2026\/09\/03\/itarantim-juiz-blandson-de-oliveira-soares-e-promovido-e-deixa-a-comarca-de-itarantim\/","title":{"rendered":"ITARANTIM: Juiz Blandson de Oliveira Soares \u00e9 promovido e deixa a Comarca de Itarantim"},"content":{"rendered":"<h4>O juiz titular da Comarca de Itarantim, Blandson de Oliveira Soares, foi promovido pelo crit\u00e9rio de merecimento, conforme o Edital n\u00ba 123\/2026, do Tribunal de Justi\u00e7a da Bahia (TJ-BA).<\/h4>\n<h4>Com a promo\u00e7\u00e3o, o magistrado passar\u00e1 a atuar na Vara Criminal, do J\u00fari, de Execu\u00e7\u00f5es Penais e da Inf\u00e2ncia e Juventude da Comarca de Maca\u00fabas.<\/h4>\n<h4>At\u00e9 o momento, o Tribunal de Justi\u00e7a da Bahia ainda n\u00e3o designou um novo magistrado titular para a Comarca de Itarantim.<\/h4>\n<h4>Dessa forma, enquanto n\u00e3o houver nova designa\u00e7\u00e3o, a comarca dever\u00e1 ser atendida pelo(a) 1\u00ba Juiz(a) Substituto(a), que ficar\u00e1 respons\u00e1vel pela substitui\u00e7\u00e3o e pelo andamento dos processos judiciais.<\/h4>\n<h4>A promo\u00e7\u00e3o do magistrado representa uma mudan\u00e7a na composi\u00e7\u00e3o da magistratura da Comarca de Itarantim, que aguarda a defini\u00e7\u00e3o de seu novo titular pelo TJ-BA.<\/h4>\n","protected":false},"excerpt":{"rendered":"<p>O juiz titular da Comarca de Itarantim, Blandson de Oliveira Soares, foi promovido pelo crit\u00e9rio de merecimento, conforme o Edital n\u00ba 123\/2026, do Tribunal de Justi\u00e7a da Bahia (TJ-BA). Com a promo\u00e7\u00e3o, o magistrado passar\u00e1 a atuar na Vara Criminal, do J\u00fari, de Execu\u00e7\u00f5es Penais e da Inf\u00e2ncia e Juventude da Comarca de Maca\u00fabas. At\u00e9 o momento, o Tribunal de Justi\u00e7a da Bahia ainda n\u00e3o designou um novo magistrado titular para a Comarca de Itarantim. Dessa forma, enquanto n\u00e3o houver nova designa\u00e7\u00e3o, a comarca dever\u00e1 ser atendida pelo(a) 1\u00ba Juiz(a) Substituto(a), que ficar\u00e1 respons\u00e1vel pela substitui\u00e7\u00e3o e pelo andamento dos [&hellip;]<\/p>\n","protected":false},"author":4,"featured_media":170505,"comment_status":"open","ping_status":"open","sticky":false,"template":"","format":"standard","meta":[],"categories":[1],"tags":[],"_links":{"self":[{"href":"https:\/\/www.cronicasdeitarantim.com.br\/v1\/wp-json\/wp\/v2\/posts\/182868"}],"collection":[{"href":"https:\/\/www.cronicasdeitarantim.com.br\/v1\/wp-json\/wp\/v2\/posts"}],"about":[{"href":"https:\/\/www.cronicasdeitarantim.com.br\/v1\/wp-json\/wp\/v2\/types\/post"}],"author":[{"embeddable":true,"href":"https:\/\/www.cronicasdeitarantim.com.br\/v1\/wp-json\/wp\/v2\/users\/4"}],"replies":[{"embeddable":true,"href":"https:\/\/www.cronicasdeitarantim.com.br\/v1\/wp-json\/wp\/v2\/comments?post=182868"}],"version-history":[{"count":1,"href":"https:\/\/www.cronicasdeitarantim.com.br\/v1\/wp-json\/wp\/v2\/posts\/182868\/revisions"}],"predecessor-version":[{"id":182869,"href":"https:\/\/www.cronicasdeitarantim.com.br\/v1\/wp-json\/wp\/v2\/posts\/182868\/revisions\/182869"}],"wp:featuredmedia":[{"embeddable":true,"href":"https:\/\/www.cronicasdeitarantim.com.br\/v1\/wp-json\/wp\/v2\/media\/170505"}],"wp:attachment":[{"href":"https:\/\/www.cronicasdeitarantim.com.br\/v1\/wp-json\/wp\/v2\/media?parent=182868"}],"wp:term":[{"taxonomy":"category","embeddable":true,"href":"https:\/\/www.cronicasdeitarantim.com.br\/v1\/wp-json\/wp\/v2\/categories?post=182868"},{"taxonomy":"post_tag","embeddable":true,"href":"https:\/\/www.cronicasdeitarantim.com.br\/v1\/wp-json\/wp\/v2\/tags?post=182868"}],"curies":[{"name":"wp","href":"https:\/\/api.w.org\/{rel}","templated":true}]}}