{"id":182865,"date":"2026-09-03T13:30:43","date_gmt":"2026-09-03T16:30:43","guid":{"rendered":"https:\/\/www.cronicasdeitarantim.com.br\/v1\/?p=182865"},"modified":"2026-09-03T13:30:43","modified_gmt":"2026-09-03T16:30:43","slug":"um-baque-no-crime-droga-transportada-em-caminhao-foi-apreendida-em-vitoria-da-conquista","status":"publish","type":"post","link":"https:\/\/www.cronicasdeitarantim.com.br\/v1\/2026\/09\/03\/um-baque-no-crime-droga-transportada-em-caminhao-foi-apreendida-em-vitoria-da-conquista\/","title":{"rendered":"Um baque no crime: Droga transportada em caminh\u00e3o foi apreendida em Vit\u00f3ria da Conquista"},"content":{"rendered":"<p>Na madrugada desta quinta-feira (03), uma opera\u00e7\u00e3o integrada entre a Delegacia da Pol\u00edcia Federal de Vit\u00f3ria da Conquista, a RONDESP SUDOESTE, a PRF e a For\u00e7a Integrada de Combate ao Crime Organizado (FICCO) resultou na apreens\u00e3o de quase 300 kg de entorpecentes, que eram transportados em um caminh\u00e3o.<\/p>\n<p>A opera\u00e7\u00e3o teve in\u00edcio a partir de levantamentos de intelig\u00eancia e informa\u00e7\u00f5es compartilhadas entre as for\u00e7as de seguran\u00e7a, que apontavam o deslocamento de um caminh\u00e3o proveniente do estado de S\u00e3o Paulo com destino a Sim\u00f5es Filho-BA.<\/p>\n<p>Durante o acompanhamento, foi constatado que o ve\u00edculo trafegava acima da velocidade permitida e realizava ultrapassagens indevidas, circunst\u00e2ncias que motivaram a interven\u00e7\u00e3o policial.<\/p>\n<p>O ve\u00edculo foi acompanhado durante parte do percurso, sendo realizada a abordagem no posto da PRF, em Vit\u00f3ria da Conquista, onde as equipes procederam \u00e0 fiscaliza\u00e7\u00e3o e \u00e0 busca no compartimento de carga.<\/p>\n<p>Durante a averigua\u00e7\u00e3o, foram localizados diversos volumes contendo entorpecentes ocultados em meio a uma carga l\u00edcita.<\/p>\n<p>As informa\u00e7\u00f5es levantadas indicam que os entorpecentes pertenciam a uma organiza\u00e7\u00e3o criminosa com atua\u00e7\u00e3o em \u00e2mbito nacional.<\/p>\n<p>Diante dos fatos, todo o material apreendido, juntamente com o envolvido, foi encaminhado \u00e0 Delegacia da Pol\u00edcia Federal em Vit\u00f3ria da Conquista, onde foram adotadas as medidas legais cab\u00edveis.<\/p>\n<p>*MATERIAL APREENDIDO*:<\/p>\n<p>\u25aa\ufe0f 54 kg de cloridrato de coca\u00edna;<br \/>\n\u25aa\ufe0f 198 kg de maconha;<br \/>\n\u25aa\ufe0f 3,6 kg de haxixe;<br \/>\n\u25aa\ufe0f 25 cigarros eletr\u00f4nicos.<\/p>\n<p>Obs.: o indiv\u00edduo foi apresentado a DPF e ficou custodiado.<\/p>\n","protected":false},"excerpt":{"rendered":"<p>Na madrugada desta quinta-feira (03), uma opera\u00e7\u00e3o integrada entre a Delegacia da Pol\u00edcia Federal de Vit\u00f3ria da Conquista, a RONDESP SUDOESTE, a PRF e a For\u00e7a Integrada de Combate ao Crime Organizado (FICCO) resultou na apreens\u00e3o de quase 300 kg de entorpecentes, que eram transportados em um caminh\u00e3o. A opera\u00e7\u00e3o teve in\u00edcio a partir de levantamentos de intelig\u00eancia e informa\u00e7\u00f5es compartilhadas entre as for\u00e7as de seguran\u00e7a, que apontavam o deslocamento de um caminh\u00e3o proveniente do estado de S\u00e3o Paulo com destino a Sim\u00f5es Filho-BA. Durante o acompanhamento, foi constatado que o ve\u00edculo trafegava acima da velocidade permitida e realizava ultrapassagens [&hellip;]<\/p>\n","protected":false},"author":4,"featured_media":182866,"comment_status":"open","ping_status":"open","sticky":false,"template":"","format":"standard","meta":[],"categories":[306],"tags":[],"_links":{"self":[{"href":"https:\/\/www.cronicasdeitarantim.com.br\/v1\/wp-json\/wp\/v2\/posts\/182865"}],"collection":[{"href":"https:\/\/www.cronicasdeitarantim.com.br\/v1\/wp-json\/wp\/v2\/posts"}],"about":[{"href":"https:\/\/www.cronicasdeitarantim.com.br\/v1\/wp-json\/wp\/v2\/types\/post"}],"author":[{"embeddable":true,"href":"https:\/\/www.cronicasdeitarantim.com.br\/v1\/wp-json\/wp\/v2\/users\/4"}],"replies":[{"embeddable":true,"href":"https:\/\/www.cronicasdeitarantim.com.br\/v1\/wp-json\/wp\/v2\/comments?post=182865"}],"version-history":[{"count":1,"href":"https:\/\/www.cronicasdeitarantim.com.br\/v1\/wp-json\/wp\/v2\/posts\/182865\/revisions"}],"predecessor-version":[{"id":182867,"href":"https:\/\/www.cronicasdeitarantim.com.br\/v1\/wp-json\/wp\/v2\/posts\/182865\/revisions\/182867"}],"wp:featuredmedia":[{"embeddable":true,"href":"https:\/\/www.cronicasdeitarantim.com.br\/v1\/wp-json\/wp\/v2\/media\/182866"}],"wp:attachment":[{"href":"https:\/\/www.cronicasdeitarantim.com.br\/v1\/wp-json\/wp\/v2\/media?parent=182865"}],"wp:term":[{"taxonomy":"category","embeddable":true,"href":"https:\/\/www.cronicasdeitarantim.com.br\/v1\/wp-json\/wp\/v2\/categories?post=182865"},{"taxonomy":"post_tag","embeddable":true,"href":"https:\/\/www.cronicasdeitarantim.com.br\/v1\/wp-json\/wp\/v2\/tags?post=182865"}],"curies":[{"name":"wp","href":"https:\/\/api.w.org\/{rel}","templated":true}]}}