{"id":182862,"date":"2026-09-03T12:59:01","date_gmt":"2026-09-03T15:59:01","guid":{"rendered":"https:\/\/www.cronicasdeitarantim.com.br\/v1\/?p=182862"},"modified":"2026-09-03T12:59:01","modified_gmt":"2026-09-03T15:59:01","slug":"depois-de-meses-paralisada-governo-anuncia-retomada-da-construcao-do-colegio-de-tempo-integral-em-itarantim","status":"publish","type":"post","link":"https:\/\/www.cronicasdeitarantim.com.br\/v1\/2026\/09\/03\/depois-de-meses-paralisada-governo-anuncia-retomada-da-construcao-do-colegio-de-tempo-integral-em-itarantim\/","title":{"rendered":"Depois de meses paralisada governo anuncia retomada da constru\u00e7\u00e3o do col\u00e9gio de tempo integral em Itarantim"},"content":{"rendered":"<h4>A retomada da constru\u00e7\u00e3o do col\u00e9gio de tempo integral, em Itarantim, foi anunciada nesta quarta-feira, 02 de setembro, pelo governo municipal.<\/h4>\n<h4>De acordo com informa\u00e7\u00f5es divulgadas na p\u00e1gina do prefeito, a obra ser\u00e1 reiniciada ap\u00f3s meses de paralisa\u00e7\u00e3o.<\/h4>\n<h4>Pelo prazo previsto inicialmente, o col\u00e9gio j\u00e1 deveria ter sido entregue ao munic\u00edpio. Durante uma visita a Itarantim, no entanto, o governador afirmou que a empresa respons\u00e1vel n\u00e3o conseguiu concluir a obra devido a problemas enfrentados durante a execu\u00e7\u00e3o \u00e9 uma nova empresa foi anunciada.<\/h4>\n<h4>Al\u00e9m do col\u00e9gio de tempo integral atrasado, outras obras realizadas com recursos dos governos federal e estadual ainda est\u00e3o em fase de conclus\u00e3o no munic\u00edpio. Algumas delas tamb\u00e9m enfrentaram atrasos e teve per\u00edodos de paralisa\u00e7\u00e3o.<\/h4>\n","protected":false},"excerpt":{"rendered":"<p>A retomada da constru\u00e7\u00e3o do col\u00e9gio de tempo integral, em Itarantim, foi anunciada nesta quarta-feira, 02 de setembro, pelo governo municipal. De acordo com informa\u00e7\u00f5es divulgadas na p\u00e1gina do prefeito, a obra ser\u00e1 reiniciada ap\u00f3s meses de paralisa\u00e7\u00e3o. Pelo prazo previsto inicialmente, o col\u00e9gio j\u00e1 deveria ter sido entregue ao munic\u00edpio. Durante uma visita a Itarantim, no entanto, o governador afirmou que a empresa respons\u00e1vel n\u00e3o conseguiu concluir a obra devido a problemas enfrentados durante a execu\u00e7\u00e3o \u00e9 uma nova empresa foi anunciada. Al\u00e9m do col\u00e9gio de tempo integral atrasado, outras obras realizadas com recursos dos governos federal e estadual [&hellip;]<\/p>\n","protected":false},"author":4,"featured_media":182863,"comment_status":"open","ping_status":"open","sticky":false,"template":"","format":"standard","meta":[],"categories":[1],"tags":[],"_links":{"self":[{"href":"https:\/\/www.cronicasdeitarantim.com.br\/v1\/wp-json\/wp\/v2\/posts\/182862"}],"collection":[{"href":"https:\/\/www.cronicasdeitarantim.com.br\/v1\/wp-json\/wp\/v2\/posts"}],"about":[{"href":"https:\/\/www.cronicasdeitarantim.com.br\/v1\/wp-json\/wp\/v2\/types\/post"}],"author":[{"embeddable":true,"href":"https:\/\/www.cronicasdeitarantim.com.br\/v1\/wp-json\/wp\/v2\/users\/4"}],"replies":[{"embeddable":true,"href":"https:\/\/www.cronicasdeitarantim.com.br\/v1\/wp-json\/wp\/v2\/comments?post=182862"}],"version-history":[{"count":1,"href":"https:\/\/www.cronicasdeitarantim.com.br\/v1\/wp-json\/wp\/v2\/posts\/182862\/revisions"}],"predecessor-version":[{"id":182864,"href":"https:\/\/www.cronicasdeitarantim.com.br\/v1\/wp-json\/wp\/v2\/posts\/182862\/revisions\/182864"}],"wp:featuredmedia":[{"embeddable":true,"href":"https:\/\/www.cronicasdeitarantim.com.br\/v1\/wp-json\/wp\/v2\/media\/182863"}],"wp:attachment":[{"href":"https:\/\/www.cronicasdeitarantim.com.br\/v1\/wp-json\/wp\/v2\/media?parent=182862"}],"wp:term":[{"taxonomy":"category","embeddable":true,"href":"https:\/\/www.cronicasdeitarantim.com.br\/v1\/wp-json\/wp\/v2\/categories?post=182862"},{"taxonomy":"post_tag","embeddable":true,"href":"https:\/\/www.cronicasdeitarantim.com.br\/v1\/wp-json\/wp\/v2\/tags?post=182862"}],"curies":[{"name":"wp","href":"https:\/\/api.w.org\/{rel}","templated":true}]}}