{"id":182858,"date":"2026-09-03T10:43:36","date_gmt":"2026-09-03T13:43:36","guid":{"rendered":"https:\/\/www.cronicasdeitarantim.com.br\/v1\/?p=182858"},"modified":"2026-09-03T10:43:36","modified_gmt":"2026-09-03T13:43:36","slug":"atlas-intel-jeronimo-e-acm-neto-tem-empate-tecnico-nos-dois-turnos-ao-governo-da-bahia","status":"publish","type":"post","link":"https:\/\/www.cronicasdeitarantim.com.br\/v1\/2026\/09\/03\/atlas-intel-jeronimo-e-acm-neto-tem-empate-tecnico-nos-dois-turnos-ao-governo-da-bahia\/","title":{"rendered":"Atlas\/Intel: Jer\u00f4nimo e ACM Neto tem empate t\u00e9cnico nos dois turnos ao governo da Bahia"},"content":{"rendered":"<div class=\"styles__Body-sc-1ffquwr-7 ePhtZb\">\n<h4>Uma nova pesquisa Atlas\/Intel divulgada nesta quinta-feira (3) aponta empate t\u00e9cnico entre o ex-prefeito de Salvador ACM Neto (Uni\u00e3o) e o governador Jer\u00f4nimo Rodrigues (PT) na disputa pelo governo da Bahia. A margem de erro \u00e9 de dois pontos percentuais, para mais ou para menos.<\/h4>\n<h4>No primeiro cen\u00e1rio testado, ACM Neto aparece com 49,1% das inten\u00e7\u00f5es de voto, contra 47,9% de Jer\u00f4nimo. Em um segundo cen\u00e1rio, o candidato do Uni\u00e3o tem 48,8%, enquanto o petista registra 47,5%. Em uma eventual disputa de segundo turno, ACM Neto soma 49,2% e Jer\u00f4nimo, 48,6%.<\/h4>\n<h4>O levantamento ouviu 1.804 pessoas entre os dias 28 de agosto e 2 de setembro, por meio de recrutamento digital aleat\u00f3rio. A pesquisa tem n\u00edvel de confian\u00e7a de 95% e est\u00e1 registrada no Tribunal Superior Eleitoral (TSE).<\/h4>\n<p><strong>Confira resultados:<\/strong><\/p>\n<p><strong>Primeiro turno<\/strong><\/p>\n<p><strong>Cen\u00e1rio 1<\/strong><\/p>\n<ul>\n<li><strong>ACM Neto (Uni\u00e3o):<\/strong>\u00a049,1%<\/li>\n<li><strong>Jer\u00f4nimo Rodrigues (PT):<\/strong>\u00a047,9%<\/li>\n<li><strong>Ronaldo Mansur (Psol):<\/strong>\u00a01,2%<\/li>\n<li><strong>Aroldo F\u00e9lix (UP):<\/strong>\u00a00%<\/li>\n<li><strong>Estev\u00e3o (DC):<\/strong>\u00a00%<\/li>\n<li><strong>Voto branco\/nulo:<\/strong>\u00a01,6%<\/li>\n<li><strong>N\u00e3o sei:<\/strong>\u00a00,2%<\/li>\n<\/ul>\n<p><strong>Cen\u00e1rio 2<\/strong><\/p>\n<ul>\n<li><strong>ACM Neto (Uni\u00e3o):<\/strong>\u00a048,8%<\/li>\n<li><strong>Jer\u00f4nimo Rodrigues (PT):<\/strong>\u00a047,5%<\/li>\n<li><strong>Ronaldo Mansur (Psol):<\/strong>\u00a01,1%<\/li>\n<li><strong>Aroldo F\u00e9lix (UP):<\/strong>\u00a00,1%<\/li>\n<li><strong>Ariel Capistrano (DC):<\/strong>\u00a00%<\/li>\n<li><strong>Voto branco\/ Nulo:<\/strong>\u00a01,6%<\/li>\n<li><strong>N\u00e3o sei:<\/strong>\u00a00,9%<\/li>\n<\/ul>\n<p>&nbsp;<\/p>\n<p><strong>Segundo turno:<\/strong><\/p>\n<ul>\n<li><strong>ACM Neto (Uni\u00e3o):<\/strong>\u00a049,2%<\/li>\n<li><strong>Jer\u00f4nimo Rodrigues (PT):<\/strong>\u00a048,6%<\/li>\n<li><strong>Voto branco\/ Nulo:<\/strong>\u00a01,9%<\/li>\n<li><strong>N\u00e3o sei:<\/strong>\u00a00,2%<\/li>\n<\/ul>\n<\/div>\n","protected":false},"excerpt":{"rendered":"<p>Uma nova pesquisa Atlas\/Intel divulgada nesta quinta-feira (3) aponta empate t\u00e9cnico entre o ex-prefeito de Salvador ACM Neto (Uni\u00e3o) e o governador Jer\u00f4nimo Rodrigues (PT) na disputa pelo governo da Bahia. A margem de erro \u00e9 de dois pontos percentuais, para mais ou para menos. No primeiro cen\u00e1rio testado, ACM Neto aparece com 49,1% das inten\u00e7\u00f5es de voto, contra 47,9% de Jer\u00f4nimo. Em um segundo cen\u00e1rio, o candidato do Uni\u00e3o tem 48,8%, enquanto o petista registra 47,5%. Em uma eventual disputa de segundo turno, ACM Neto soma 49,2% e Jer\u00f4nimo, 48,6%. O levantamento ouviu 1.804 pessoas entre os dias 28 [&hellip;]<\/p>\n","protected":false},"author":4,"featured_media":182859,"comment_status":"open","ping_status":"open","sticky":false,"template":"","format":"standard","meta":[],"categories":[295],"tags":[],"_links":{"self":[{"href":"https:\/\/www.cronicasdeitarantim.com.br\/v1\/wp-json\/wp\/v2\/posts\/182858"}],"collection":[{"href":"https:\/\/www.cronicasdeitarantim.com.br\/v1\/wp-json\/wp\/v2\/posts"}],"about":[{"href":"https:\/\/www.cronicasdeitarantim.com.br\/v1\/wp-json\/wp\/v2\/types\/post"}],"author":[{"embeddable":true,"href":"https:\/\/www.cronicasdeitarantim.com.br\/v1\/wp-json\/wp\/v2\/users\/4"}],"replies":[{"embeddable":true,"href":"https:\/\/www.cronicasdeitarantim.com.br\/v1\/wp-json\/wp\/v2\/comments?post=182858"}],"version-history":[{"count":1,"href":"https:\/\/www.cronicasdeitarantim.com.br\/v1\/wp-json\/wp\/v2\/posts\/182858\/revisions"}],"predecessor-version":[{"id":182860,"href":"https:\/\/www.cronicasdeitarantim.com.br\/v1\/wp-json\/wp\/v2\/posts\/182858\/revisions\/182860"}],"wp:featuredmedia":[{"embeddable":true,"href":"https:\/\/www.cronicasdeitarantim.com.br\/v1\/wp-json\/wp\/v2\/media\/182859"}],"wp:attachment":[{"href":"https:\/\/www.cronicasdeitarantim.com.br\/v1\/wp-json\/wp\/v2\/media?parent=182858"}],"wp:term":[{"taxonomy":"category","embeddable":true,"href":"https:\/\/www.cronicasdeitarantim.com.br\/v1\/wp-json\/wp\/v2\/categories?post=182858"},{"taxonomy":"post_tag","embeddable":true,"href":"https:\/\/www.cronicasdeitarantim.com.br\/v1\/wp-json\/wp\/v2\/tags?post=182858"}],"curies":[{"name":"wp","href":"https:\/\/api.w.org\/{rel}","templated":true}]}}