{"id":182850,"date":"2026-09-02T18:48:52","date_gmt":"2026-09-02T21:48:52","guid":{"rendered":"https:\/\/www.cronicasdeitarantim.com.br\/v1\/?p=182850"},"modified":"2026-09-02T18:48:52","modified_gmt":"2026-09-02T21:48:52","slug":"itarantim-infidelidade-partidaria-pode-fazer-vereador-do-municipio-perder-o-mandato","status":"publish","type":"post","link":"https:\/\/www.cronicasdeitarantim.com.br\/v1\/2026\/09\/02\/itarantim-infidelidade-partidaria-pode-fazer-vereador-do-municipio-perder-o-mandato\/","title":{"rendered":"Itarantim: Infidelidade partid\u00e1ria pode fazer vereador do munic\u00edpio perder o mandato"},"content":{"rendered":"<div class=\"chat-message__body\">\n<div class=\"chat-message__text\">\n<h3>A possibilidade de um vereador de Itarantim perder o mandato por infidelidade partid\u00e1ria tem ganhado for\u00e7a nos bastidores da pol\u00edtica municipal nos \u00faltimos dias.<\/h3>\n<h3>Segundo informa\u00e7\u00f5es apuradas pelo portal Cr\u00f4nicas de Itarantim, o vereador teria sido eleito por um partido, mas agora estaria fazendo campanha abertamente para outra legenda. Essa conduta pode caracterizar infidelidade partid\u00e1ria e resultar na cassa\u00e7\u00e3o do mandato, uma vez que, conforme a legisla\u00e7\u00e3o eleitoral, o mandato pertence ao partido, e n\u00e3o ao vereador.<\/h3>\n<h3>O assunto vem dominando as discuss\u00f5es pol\u00edticas do munic\u00edpio. De acordo com informa\u00e7\u00f5es apuradas, o vereador em quest\u00e3o seria Carlos Alberto, que recentemente teria aderido ao grupo do prefeito F\u00e1bio Gusm\u00e3o.<\/h3>\n<h3>Alberto foi eleito no palanque da ex-candidata a prefeita Ana Paula Dantas, pelo Progressistas (PP), e atualmente apoia a base petista do prefeito.<\/h3>\n<p>&nbsp;<\/p>\n<\/div>\n<\/div>\n<div class=\"chat-message__actions\" role=\"toolbar\" aria-label=\"A\u00e7\u00f5es da mensagem\"><\/div>\n<div class=\"chat-message__chips\"><\/div>\n","protected":false},"excerpt":{"rendered":"<p>A possibilidade de um vereador de Itarantim perder o mandato por infidelidade partid\u00e1ria tem ganhado for\u00e7a nos bastidores da pol\u00edtica municipal nos \u00faltimos dias. Segundo informa\u00e7\u00f5es apuradas pelo portal Cr\u00f4nicas de Itarantim, o vereador teria sido eleito por um partido, mas agora estaria fazendo campanha abertamente para outra legenda. Essa conduta pode caracterizar infidelidade partid\u00e1ria e resultar na cassa\u00e7\u00e3o do mandato, uma vez que, conforme a legisla\u00e7\u00e3o eleitoral, o mandato pertence ao partido, e n\u00e3o ao vereador. O assunto vem dominando as discuss\u00f5es pol\u00edticas do munic\u00edpio. De acordo com informa\u00e7\u00f5es apuradas, o vereador em quest\u00e3o seria Carlos Alberto, que recentemente [&hellip;]<\/p>\n","protected":false},"author":4,"featured_media":182853,"comment_status":"open","ping_status":"open","sticky":false,"template":"","format":"standard","meta":[],"categories":[304],"tags":[],"_links":{"self":[{"href":"https:\/\/www.cronicasdeitarantim.com.br\/v1\/wp-json\/wp\/v2\/posts\/182850"}],"collection":[{"href":"https:\/\/www.cronicasdeitarantim.com.br\/v1\/wp-json\/wp\/v2\/posts"}],"about":[{"href":"https:\/\/www.cronicasdeitarantim.com.br\/v1\/wp-json\/wp\/v2\/types\/post"}],"author":[{"embeddable":true,"href":"https:\/\/www.cronicasdeitarantim.com.br\/v1\/wp-json\/wp\/v2\/users\/4"}],"replies":[{"embeddable":true,"href":"https:\/\/www.cronicasdeitarantim.com.br\/v1\/wp-json\/wp\/v2\/comments?post=182850"}],"version-history":[{"count":1,"href":"https:\/\/www.cronicasdeitarantim.com.br\/v1\/wp-json\/wp\/v2\/posts\/182850\/revisions"}],"predecessor-version":[{"id":182854,"href":"https:\/\/www.cronicasdeitarantim.com.br\/v1\/wp-json\/wp\/v2\/posts\/182850\/revisions\/182854"}],"wp:featuredmedia":[{"embeddable":true,"href":"https:\/\/www.cronicasdeitarantim.com.br\/v1\/wp-json\/wp\/v2\/media\/182853"}],"wp:attachment":[{"href":"https:\/\/www.cronicasdeitarantim.com.br\/v1\/wp-json\/wp\/v2\/media?parent=182850"}],"wp:term":[{"taxonomy":"category","embeddable":true,"href":"https:\/\/www.cronicasdeitarantim.com.br\/v1\/wp-json\/wp\/v2\/categories?post=182850"},{"taxonomy":"post_tag","embeddable":true,"href":"https:\/\/www.cronicasdeitarantim.com.br\/v1\/wp-json\/wp\/v2\/tags?post=182850"}],"curies":[{"name":"wp","href":"https:\/\/api.w.org\/{rel}","templated":true}]}}