{"id":182844,"date":"2026-09-02T14:15:53","date_gmt":"2026-09-02T17:15:53","guid":{"rendered":"https:\/\/www.cronicasdeitarantim.com.br\/v1\/?p=182844"},"modified":"2026-09-02T14:20:14","modified_gmt":"2026-09-02T17:20:14","slug":"politica-em-itarantim-2026-analise-politica-do-evento-de-joelan-sobrinho","status":"publish","type":"post","link":"https:\/\/www.cronicasdeitarantim.com.br\/v1\/2026\/09\/02\/politica-em-itarantim-2026-analise-politica-do-evento-de-joelan-sobrinho\/","title":{"rendered":"Pol\u00edtica em Itarantim 2026: An\u00e1lise pol\u00edtica do evento de Joelan Sobrinho"},"content":{"rendered":"<p>Um dos grupos pol\u00edticos de Itarantim, que \u00e9 liderado pelo empres\u00e1rio Joelan Sobrinho, realizou, nesta ter\u00e7a-feira, 1\u00ba de setembro, um encontro com o candidato a deputado estadual Silva Neto, no comit\u00ea de campanha.<\/p>\n<p>Considerando alguns fatores geogr\u00e1ficos do munic\u00edpio \u2014 como a localiza\u00e7\u00e3o do comit\u00ea, situado em um bairro mais distante \u2014 e o fato de o evento ter sido realizado em um dia de semana, a participa\u00e7\u00e3o foi positiva.<\/p>\n<p>O grupo demonstrou for\u00e7a e pode se tornar uma das for\u00e7as nas urnas, especialmente no resultado da vota\u00e7\u00e3o em Itarantim.<\/p>\n<p>A mobiliza\u00e7\u00e3o mostra que o grupo consegue reunir pessoas em torno de seu projeto pol\u00edtico. Entre os principais nomes est\u00e1 o vereador Jeferson Motot\u00e1xi, que obteve uma vota\u00e7\u00e3o expressiva no munic\u00edpio. Tamb\u00e9m integra o grupo o ex-vereador Juarez, que teve bom desempenho nas urnas, mas n\u00e3o conseguiu se reeleger. Ainda assim, permanece como uma lideran\u00e7a importante.<\/p>\n<p>Al\u00e9m dessas lideran\u00e7as, o grupo conta com uma boa articula\u00e7\u00e3o na \u00e1rea de comunica\u00e7\u00e3o, dando visibilidade \u00e0s a\u00e7\u00f5es pol\u00edticas e \u00e0 campanha de seus candidatos.<\/p>\n<p>O movimento do grupo Itarantim Pode Mais j\u00e1 est\u00e1 consolidado como uma marca pol\u00edtica no munic\u00edpio. Agora, ser\u00e1 testado nas urnas, ao apresentar seus candidatos \u00e0 comunidade e buscar transformar a mobiliza\u00e7\u00e3o em votos.<\/p>\n<p><a href=\"https:\/\/www.cronicasdeitarantim.com.br\/v1\/wp-content\/uploads\/2026\/09\/IMG_20260901_194458.jpeg\"><img decoding=\"async\" loading=\"lazy\" class=\"alignnone size-full wp-image-182848\" src=\"https:\/\/www.cronicasdeitarantim.com.br\/v1\/wp-content\/uploads\/2026\/09\/IMG_20260901_194458.jpeg\" alt=\"\" width=\"730\" height=\"329\" srcset=\"https:\/\/www.cronicasdeitarantim.com.br\/v1\/wp-content\/uploads\/2026\/09\/IMG_20260901_194458.jpeg 730w, https:\/\/www.cronicasdeitarantim.com.br\/v1\/wp-content\/uploads\/2026\/09\/IMG_20260901_194458-300x135.jpeg 300w, https:\/\/www.cronicasdeitarantim.com.br\/v1\/wp-content\/uploads\/2026\/09\/IMG_20260901_194458-400x180.jpeg 400w\" sizes=\"(max-width: 730px) 100vw, 730px\" \/><\/a><\/p>\n","protected":false},"excerpt":{"rendered":"<p>Um dos grupos pol\u00edticos de Itarantim, que \u00e9 liderado pelo empres\u00e1rio Joelan Sobrinho, realizou, nesta ter\u00e7a-feira, 1\u00ba de setembro, um encontro com o candidato a deputado estadual Silva Neto, no comit\u00ea de campanha. Considerando alguns fatores geogr\u00e1ficos do munic\u00edpio \u2014 como a localiza\u00e7\u00e3o do comit\u00ea, situado em um bairro mais distante \u2014 e o fato de o evento ter sido realizado em um dia de semana, a participa\u00e7\u00e3o foi positiva. O grupo demonstrou for\u00e7a e pode se tornar uma das for\u00e7as nas urnas, especialmente no resultado da vota\u00e7\u00e3o em Itarantim. A mobiliza\u00e7\u00e3o mostra que o grupo consegue reunir pessoas em [&hellip;]<\/p>\n","protected":false},"author":4,"featured_media":182845,"comment_status":"open","ping_status":"open","sticky":false,"template":"","format":"standard","meta":[],"categories":[304],"tags":[],"_links":{"self":[{"href":"https:\/\/www.cronicasdeitarantim.com.br\/v1\/wp-json\/wp\/v2\/posts\/182844"}],"collection":[{"href":"https:\/\/www.cronicasdeitarantim.com.br\/v1\/wp-json\/wp\/v2\/posts"}],"about":[{"href":"https:\/\/www.cronicasdeitarantim.com.br\/v1\/wp-json\/wp\/v2\/types\/post"}],"author":[{"embeddable":true,"href":"https:\/\/www.cronicasdeitarantim.com.br\/v1\/wp-json\/wp\/v2\/users\/4"}],"replies":[{"embeddable":true,"href":"https:\/\/www.cronicasdeitarantim.com.br\/v1\/wp-json\/wp\/v2\/comments?post=182844"}],"version-history":[{"count":3,"href":"https:\/\/www.cronicasdeitarantim.com.br\/v1\/wp-json\/wp\/v2\/posts\/182844\/revisions"}],"predecessor-version":[{"id":182849,"href":"https:\/\/www.cronicasdeitarantim.com.br\/v1\/wp-json\/wp\/v2\/posts\/182844\/revisions\/182849"}],"wp:featuredmedia":[{"embeddable":true,"href":"https:\/\/www.cronicasdeitarantim.com.br\/v1\/wp-json\/wp\/v2\/media\/182845"}],"wp:attachment":[{"href":"https:\/\/www.cronicasdeitarantim.com.br\/v1\/wp-json\/wp\/v2\/media?parent=182844"}],"wp:term":[{"taxonomy":"category","embeddable":true,"href":"https:\/\/www.cronicasdeitarantim.com.br\/v1\/wp-json\/wp\/v2\/categories?post=182844"},{"taxonomy":"post_tag","embeddable":true,"href":"https:\/\/www.cronicasdeitarantim.com.br\/v1\/wp-json\/wp\/v2\/tags?post=182844"}],"curies":[{"name":"wp","href":"https:\/\/api.w.org\/{rel}","templated":true}]}}