{"id":182842,"date":"2026-09-02T11:12:51","date_gmt":"2026-09-02T14:12:51","guid":{"rendered":"https:\/\/www.cronicasdeitarantim.com.br\/v1\/?p=182842"},"modified":"2026-09-02T11:12:51","modified_gmt":"2026-09-02T14:12:51","slug":"eleicao-2026-lula-mantem-lideranca-no-primeiro-turno-e-empate-tecnico-com-flavio-bolsonaro-no-segundo","status":"publish","type":"post","link":"https:\/\/www.cronicasdeitarantim.com.br\/v1\/2026\/09\/02\/eleicao-2026-lula-mantem-lideranca-no-primeiro-turno-e-empate-tecnico-com-flavio-bolsonaro-no-segundo\/","title":{"rendered":"Elei\u00e7\u00e3o 2026: Lula mant\u00e9m lideran\u00e7a no primeiro turno e empate t\u00e9cnico com Fl\u00e1vio Bolsonaro no segundo"},"content":{"rendered":"<div class=\"styles__Body-sc-1ffquwr-7 ePhtZb\">\n<p>Lula aparece com 37% das inten\u00e7\u00f5es de voto no primeiro turno da elei\u00e7\u00e3o presidencial de 2026, contra 30% de Fl\u00e1vio Bolsonaro, segundo pesquisa Quaest divulgada nesta quarta-feira (2). O levantamento mostra estabilidade na disputa entre os dois e aponta empate t\u00e9cnico em uma eventual segunda etapa.<\/p>\n<p><strong>Lula mant\u00e9m lideran\u00e7a no primeiro turno<\/strong><\/p>\n<p>Na pesquisa de 14 de agosto, Lula tinha 38% e Fl\u00e1vio, 31%. Agora, o presidente oscilou um ponto para baixo, enquanto o senador caiu um ponto. A diferen\u00e7a permanece em sete pontos percentuais, indicando pouca mudan\u00e7a no cen\u00e1rio eleitoral desde o levantamento anterior.<\/p>\n<p>Al\u00e9m de Lula e Fl\u00e1vio, Augusto Cury aparece com 10%, Renan Santos tem 3%, enquanto Ronaldo Caiado e Romeu Zema registram 1% cada. Outros 11% ainda n\u00e3o decidiram o voto, e 7% afirmam que pretendem votar em branco, anular ou n\u00e3o comparecer \u00e0s urnas.<\/p>\n<p><strong>Disputa entre Lula e Fl\u00e1vio no segundo turno<\/strong><\/p>\n<p>Em uma eventual disputa direta, Lula marca 42% e Fl\u00e1vio Bolsonaro aparece com 41%. Como a margem de erro \u00e9 de dois pontos percentuais para mais ou para menos, o resultado \u00e9 considerado empate t\u00e9cnico. Em agosto, os dois tamb\u00e9m estavam tecnicamente empatados, com 43% para Lula e 40% para Fl\u00e1vio.<\/p>\n<p>Nas demais simula\u00e7\u00f5es, Lula aparece \u00e0 frente dos advers\u00e1rios. O presidente tem 42% contra 37% de Caiado, 44% contra 33% de Zema e 43% contra 36% de Renan Santos.<\/p>\n<p>O levantamento foi realizado presencialmente com 2.004 pessoas de 16 anos ou mais entre 30 de agosto e 1\u00ba de setembro, em todo o pa\u00eds. A margem de erro \u00e9 de dois pontos percentuais, e o n\u00edvel de confian\u00e7a \u00e9 de 95%. A pesquisa foi contratada pela Globo e registrada no TSE sob o c\u00f3digo BR-07065\/2026.<\/p>\n<\/div>\n","protected":false},"excerpt":{"rendered":"<p>Lula aparece com 37% das inten\u00e7\u00f5es de voto no primeiro turno da elei\u00e7\u00e3o presidencial de 2026, contra 30% de Fl\u00e1vio Bolsonaro, segundo pesquisa Quaest divulgada nesta quarta-feira (2). O levantamento mostra estabilidade na disputa entre os dois e aponta empate t\u00e9cnico em uma eventual segunda etapa. Lula mant\u00e9m lideran\u00e7a no primeiro turno Na pesquisa de 14 de agosto, Lula tinha 38% e Fl\u00e1vio, 31%. Agora, o presidente oscilou um ponto para baixo, enquanto o senador caiu um ponto. A diferen\u00e7a permanece em sete pontos percentuais, indicando pouca mudan\u00e7a no cen\u00e1rio eleitoral desde o levantamento anterior. Al\u00e9m de Lula e Fl\u00e1vio, [&hellip;]<\/p>\n","protected":false},"author":4,"featured_media":182047,"comment_status":"open","ping_status":"open","sticky":false,"template":"","format":"standard","meta":[],"categories":[296],"tags":[],"_links":{"self":[{"href":"https:\/\/www.cronicasdeitarantim.com.br\/v1\/wp-json\/wp\/v2\/posts\/182842"}],"collection":[{"href":"https:\/\/www.cronicasdeitarantim.com.br\/v1\/wp-json\/wp\/v2\/posts"}],"about":[{"href":"https:\/\/www.cronicasdeitarantim.com.br\/v1\/wp-json\/wp\/v2\/types\/post"}],"author":[{"embeddable":true,"href":"https:\/\/www.cronicasdeitarantim.com.br\/v1\/wp-json\/wp\/v2\/users\/4"}],"replies":[{"embeddable":true,"href":"https:\/\/www.cronicasdeitarantim.com.br\/v1\/wp-json\/wp\/v2\/comments?post=182842"}],"version-history":[{"count":1,"href":"https:\/\/www.cronicasdeitarantim.com.br\/v1\/wp-json\/wp\/v2\/posts\/182842\/revisions"}],"predecessor-version":[{"id":182843,"href":"https:\/\/www.cronicasdeitarantim.com.br\/v1\/wp-json\/wp\/v2\/posts\/182842\/revisions\/182843"}],"wp:featuredmedia":[{"embeddable":true,"href":"https:\/\/www.cronicasdeitarantim.com.br\/v1\/wp-json\/wp\/v2\/media\/182047"}],"wp:attachment":[{"href":"https:\/\/www.cronicasdeitarantim.com.br\/v1\/wp-json\/wp\/v2\/media?parent=182842"}],"wp:term":[{"taxonomy":"category","embeddable":true,"href":"https:\/\/www.cronicasdeitarantim.com.br\/v1\/wp-json\/wp\/v2\/categories?post=182842"},{"taxonomy":"post_tag","embeddable":true,"href":"https:\/\/www.cronicasdeitarantim.com.br\/v1\/wp-json\/wp\/v2\/tags?post=182842"}],"curies":[{"name":"wp","href":"https:\/\/api.w.org\/{rel}","templated":true}]}}