{"id":182837,"date":"2026-09-02T10:18:25","date_gmt":"2026-09-02T13:18:25","guid":{"rendered":"https:\/\/www.cronicasdeitarantim.com.br\/v1\/?p=182837"},"modified":"2026-09-02T10:20:09","modified_gmt":"2026-09-02T13:20:09","slug":"itororo-homem-de-48-anos-que-morreu-apos-ser-atropelado-pelo-proprio-caminhao-foi-identificado","status":"publish","type":"post","link":"https:\/\/www.cronicasdeitarantim.com.br\/v1\/2026\/09\/02\/itororo-homem-de-48-anos-que-morreu-apos-ser-atropelado-pelo-proprio-caminhao-foi-identificado\/","title":{"rendered":"ITOROR\u00d3: Homem de 48 anos que morreu ap\u00f3s ser atropelado pelo pr\u00f3prio caminh\u00e3o foi identificado"},"content":{"rendered":"<div class=\"chat-message__body\">\n<div class=\"chat-message__text\">\n<h4>Um homem de 48 anos, que foi identificado pelo nome de Jos\u00e9 Luciano Oliveira da Silva, morreu ap\u00f3s ser atropelado pelo pr\u00f3prio caminh\u00e3o de coleta de lixo no in\u00edcio da manh\u00e3 desta quarta-feira, 02 de setembro, no distrito de Rio do Meio, pertencente a Itoror\u00f3.<\/h4>\n<h4>Jos\u00e9 prestava servi\u00e7o para a Prefeitura Municipal e realizava a coleta de res\u00edduos na localidade quando ocorreu o acidente. Segundo informa\u00e7\u00f5es preliminares, ele teria se desequilibrado durante o trabalho e acabou atingido pelo ve\u00edculo.<\/h4>\n<h4>A din\u00e2mica do acidente ainda n\u00e3o foi esclarecida e dever\u00e1 ser investigada pelas autoridades competentes. O corpo permaneceu no local at\u00e9 ser removido para o Departamento de Pol\u00edcia T\u00e9cnica, onde passar\u00e1 por exame de necropsia.<\/h4>\n<h4>De acordo com informa\u00e7\u00f5es apuradas pela reda\u00e7\u00e3o do portal Cr\u00f4nicas de Itarantim, Jos\u00e9 Luciano era casado, pai de uma filha.<\/h4>\n<\/div>\n<\/div>\n<div class=\"chat-message__actions\" role=\"toolbar\" aria-label=\"A\u00e7\u00f5es da mensagem\"><\/div>\n<div class=\"chat-message__chips\"><\/div>\n","protected":false},"excerpt":{"rendered":"<p>Um homem de 48 anos, que foi identificado pelo nome de Jos\u00e9 Luciano Oliveira da Silva, morreu ap\u00f3s ser atropelado pelo pr\u00f3prio caminh\u00e3o de coleta de lixo no in\u00edcio da manh\u00e3 desta quarta-feira, 02 de setembro, no distrito de Rio do Meio, pertencente a Itoror\u00f3. Jos\u00e9 prestava servi\u00e7o para a Prefeitura Municipal e realizava a coleta de res\u00edduos na localidade quando ocorreu o acidente. Segundo informa\u00e7\u00f5es preliminares, ele teria se desequilibrado durante o trabalho e acabou atingido pelo ve\u00edculo. A din\u00e2mica do acidente ainda n\u00e3o foi esclarecida e dever\u00e1 ser investigada pelas autoridades competentes. O corpo permaneceu no local at\u00e9 [&hellip;]<\/p>\n","protected":false},"author":4,"featured_media":182838,"comment_status":"open","ping_status":"open","sticky":false,"template":"","format":"standard","meta":[],"categories":[306],"tags":[],"_links":{"self":[{"href":"https:\/\/www.cronicasdeitarantim.com.br\/v1\/wp-json\/wp\/v2\/posts\/182837"}],"collection":[{"href":"https:\/\/www.cronicasdeitarantim.com.br\/v1\/wp-json\/wp\/v2\/posts"}],"about":[{"href":"https:\/\/www.cronicasdeitarantim.com.br\/v1\/wp-json\/wp\/v2\/types\/post"}],"author":[{"embeddable":true,"href":"https:\/\/www.cronicasdeitarantim.com.br\/v1\/wp-json\/wp\/v2\/users\/4"}],"replies":[{"embeddable":true,"href":"https:\/\/www.cronicasdeitarantim.com.br\/v1\/wp-json\/wp\/v2\/comments?post=182837"}],"version-history":[{"count":3,"href":"https:\/\/www.cronicasdeitarantim.com.br\/v1\/wp-json\/wp\/v2\/posts\/182837\/revisions"}],"predecessor-version":[{"id":182841,"href":"https:\/\/www.cronicasdeitarantim.com.br\/v1\/wp-json\/wp\/v2\/posts\/182837\/revisions\/182841"}],"wp:featuredmedia":[{"embeddable":true,"href":"https:\/\/www.cronicasdeitarantim.com.br\/v1\/wp-json\/wp\/v2\/media\/182838"}],"wp:attachment":[{"href":"https:\/\/www.cronicasdeitarantim.com.br\/v1\/wp-json\/wp\/v2\/media?parent=182837"}],"wp:term":[{"taxonomy":"category","embeddable":true,"href":"https:\/\/www.cronicasdeitarantim.com.br\/v1\/wp-json\/wp\/v2\/categories?post=182837"},{"taxonomy":"post_tag","embeddable":true,"href":"https:\/\/www.cronicasdeitarantim.com.br\/v1\/wp-json\/wp\/v2\/tags?post=182837"}],"curies":[{"name":"wp","href":"https:\/\/api.w.org\/{rel}","templated":true}]}}