{"id":182835,"date":"2026-09-01T16:43:57","date_gmt":"2026-09-01T19:43:57","guid":{"rendered":"https:\/\/www.cronicasdeitarantim.com.br\/v1\/?p=182835"},"modified":"2026-09-01T16:43:57","modified_gmt":"2026-09-01T19:43:57","slug":"terca-feira-de-movimentacao-politica-em-itarantim-joelan-do-itarantim-pode-mais-recebe-candidato","status":"publish","type":"post","link":"https:\/\/www.cronicasdeitarantim.com.br\/v1\/2026\/09\/01\/terca-feira-de-movimentacao-politica-em-itarantim-joelan-do-itarantim-pode-mais-recebe-candidato\/","title":{"rendered":"Ter\u00e7a-feira de movimenta\u00e7\u00e3o pol\u00edtica em Itarantim, Joelan do Itarantim Pode Mais recebe candidato"},"content":{"rendered":"<h4>O grupo &#8220;Itarantim Pode Mais&#8221; liderado pelo jovem empres\u00e1rio Joelan Sobrinho receber\u00e1, nesta ter\u00e7a-feira, 01 de setembro, o candidato a deputado estadual Silva Neto.<\/h4>\n<h4>O encontro com lideran\u00e7as e correligion\u00e1rios acontecer\u00e1 no comit\u00ea de campanha do grupo, localizado no bairro Cajazeiras.<\/h4>\n<h4>Joelan tem cumprido uma agenda intensa de visitas e encontros, apresentando os nomes dos seus candidatos.<\/h4>\n<h4>A reuni\u00e3o desta noite com o candidato a deputado estadual marca mais uma articula\u00e7\u00e3o pol\u00edtica no munic\u00edpio de um dos grupos no cumprimento de suas agendas pol\u00edtica na campanha.<\/h4>\n","protected":false},"excerpt":{"rendered":"<p>O grupo &#8220;Itarantim Pode Mais&#8221; liderado pelo jovem empres\u00e1rio Joelan Sobrinho receber\u00e1, nesta ter\u00e7a-feira, 01 de setembro, o candidato a deputado estadual Silva Neto. O encontro com lideran\u00e7as e correligion\u00e1rios acontecer\u00e1 no comit\u00ea de campanha do grupo, localizado no bairro Cajazeiras. Joelan tem cumprido uma agenda intensa de visitas e encontros, apresentando os nomes dos seus candidatos. A reuni\u00e3o desta noite com o candidato a deputado estadual marca mais uma articula\u00e7\u00e3o pol\u00edtica no munic\u00edpio de um dos grupos no cumprimento de suas agendas pol\u00edtica na campanha.<\/p>\n","protected":false},"author":4,"featured_media":178937,"comment_status":"open","ping_status":"open","sticky":false,"template":"","format":"standard","meta":[],"categories":[304],"tags":[],"_links":{"self":[{"href":"https:\/\/www.cronicasdeitarantim.com.br\/v1\/wp-json\/wp\/v2\/posts\/182835"}],"collection":[{"href":"https:\/\/www.cronicasdeitarantim.com.br\/v1\/wp-json\/wp\/v2\/posts"}],"about":[{"href":"https:\/\/www.cronicasdeitarantim.com.br\/v1\/wp-json\/wp\/v2\/types\/post"}],"author":[{"embeddable":true,"href":"https:\/\/www.cronicasdeitarantim.com.br\/v1\/wp-json\/wp\/v2\/users\/4"}],"replies":[{"embeddable":true,"href":"https:\/\/www.cronicasdeitarantim.com.br\/v1\/wp-json\/wp\/v2\/comments?post=182835"}],"version-history":[{"count":1,"href":"https:\/\/www.cronicasdeitarantim.com.br\/v1\/wp-json\/wp\/v2\/posts\/182835\/revisions"}],"predecessor-version":[{"id":182836,"href":"https:\/\/www.cronicasdeitarantim.com.br\/v1\/wp-json\/wp\/v2\/posts\/182835\/revisions\/182836"}],"wp:featuredmedia":[{"embeddable":true,"href":"https:\/\/www.cronicasdeitarantim.com.br\/v1\/wp-json\/wp\/v2\/media\/178937"}],"wp:attachment":[{"href":"https:\/\/www.cronicasdeitarantim.com.br\/v1\/wp-json\/wp\/v2\/media?parent=182835"}],"wp:term":[{"taxonomy":"category","embeddable":true,"href":"https:\/\/www.cronicasdeitarantim.com.br\/v1\/wp-json\/wp\/v2\/categories?post=182835"},{"taxonomy":"post_tag","embeddable":true,"href":"https:\/\/www.cronicasdeitarantim.com.br\/v1\/wp-json\/wp\/v2\/tags?post=182835"}],"curies":[{"name":"wp","href":"https:\/\/api.w.org\/{rel}","templated":true}]}}