{"id":182832,"date":"2026-09-01T15:38:26","date_gmt":"2026-09-01T18:38:26","guid":{"rendered":"https:\/\/www.cronicasdeitarantim.com.br\/v1\/?p=182832"},"modified":"2026-09-01T15:38:26","modified_gmt":"2026-09-01T18:38:26","slug":"ex-vocalista-de-calcinha-preta-e-caviar-com-rapadura-morre-aos-55-anos","status":"publish","type":"post","link":"https:\/\/www.cronicasdeitarantim.com.br\/v1\/2026\/09\/01\/ex-vocalista-de-calcinha-preta-e-caviar-com-rapadura-morre-aos-55-anos\/","title":{"rendered":"Ex-vocalista de Calcinha Preta e Caviar com Rapadura morre aos 55 anos"},"content":{"rendered":"<div id=\"chunk-92su5\" class=\"mc-column content-text\">\n<p>O cantor Rog\u00e9rio Valen\u00e7a, ex-vocalista da banda Calcinha Preta, morreu aos 55 anos, nesta segunda-feira, 31 de agosto, em Aracaju.<\/p>\n<p>A informa\u00e7\u00e3o foi confirmada pela fam\u00edlia do artista. Ele tratava uma insufici\u00eancia renal e aguardava por um transplante de rim, mas n\u00e3o resistiu ap\u00f3s sofrer um infarto.<\/p>\n<\/div>\n<div id=\"chunk-d0og1\" class=\"mc-column content-text\">\n<p>Natural de\u00a0Garanhuns\u00a0(PE), o cantor integrou as bandas Calcinha Preta e Caviar com Rapadura. Atualmente, ele se apresentava no grupo Raio da Silibrina e morava em Sergipe.<\/p>\n<\/div>\n","protected":false},"excerpt":{"rendered":"<p>O cantor Rog\u00e9rio Valen\u00e7a, ex-vocalista da banda Calcinha Preta, morreu aos 55 anos, nesta segunda-feira, 31 de agosto, em Aracaju. A informa\u00e7\u00e3o foi confirmada pela fam\u00edlia do artista. Ele tratava uma insufici\u00eancia renal e aguardava por um transplante de rim, mas n\u00e3o resistiu ap\u00f3s sofrer um infarto. Natural de\u00a0Garanhuns\u00a0(PE), o cantor integrou as bandas Calcinha Preta e Caviar com Rapadura. Atualmente, ele se apresentava no grupo Raio da Silibrina e morava em Sergipe.<\/p>\n","protected":false},"author":4,"featured_media":182833,"comment_status":"open","ping_status":"open","sticky":false,"template":"","format":"standard","meta":[],"categories":[1],"tags":[],"_links":{"self":[{"href":"https:\/\/www.cronicasdeitarantim.com.br\/v1\/wp-json\/wp\/v2\/posts\/182832"}],"collection":[{"href":"https:\/\/www.cronicasdeitarantim.com.br\/v1\/wp-json\/wp\/v2\/posts"}],"about":[{"href":"https:\/\/www.cronicasdeitarantim.com.br\/v1\/wp-json\/wp\/v2\/types\/post"}],"author":[{"embeddable":true,"href":"https:\/\/www.cronicasdeitarantim.com.br\/v1\/wp-json\/wp\/v2\/users\/4"}],"replies":[{"embeddable":true,"href":"https:\/\/www.cronicasdeitarantim.com.br\/v1\/wp-json\/wp\/v2\/comments?post=182832"}],"version-history":[{"count":1,"href":"https:\/\/www.cronicasdeitarantim.com.br\/v1\/wp-json\/wp\/v2\/posts\/182832\/revisions"}],"predecessor-version":[{"id":182834,"href":"https:\/\/www.cronicasdeitarantim.com.br\/v1\/wp-json\/wp\/v2\/posts\/182832\/revisions\/182834"}],"wp:featuredmedia":[{"embeddable":true,"href":"https:\/\/www.cronicasdeitarantim.com.br\/v1\/wp-json\/wp\/v2\/media\/182833"}],"wp:attachment":[{"href":"https:\/\/www.cronicasdeitarantim.com.br\/v1\/wp-json\/wp\/v2\/media?parent=182832"}],"wp:term":[{"taxonomy":"category","embeddable":true,"href":"https:\/\/www.cronicasdeitarantim.com.br\/v1\/wp-json\/wp\/v2\/categories?post=182832"},{"taxonomy":"post_tag","embeddable":true,"href":"https:\/\/www.cronicasdeitarantim.com.br\/v1\/wp-json\/wp\/v2\/tags?post=182832"}],"curies":[{"name":"wp","href":"https:\/\/api.w.org\/{rel}","templated":true}]}}