{"id":182829,"date":"2026-09-01T13:10:27","date_gmt":"2026-09-01T16:10:27","guid":{"rendered":"https:\/\/www.cronicasdeitarantim.com.br\/v1\/?p=182829"},"modified":"2026-09-01T13:10:27","modified_gmt":"2026-09-01T16:10:27","slug":"prefeitura-de-vitoria-da-conquista-na-mira-da-justica-eleitoral-por-suposto-uso-da-maquina-publica-em-beneficio-de-pre-candidato","status":"publish","type":"post","link":"https:\/\/www.cronicasdeitarantim.com.br\/v1\/2026\/09\/01\/prefeitura-de-vitoria-da-conquista-na-mira-da-justica-eleitoral-por-suposto-uso-da-maquina-publica-em-beneficio-de-pre-candidato\/","title":{"rendered":"Prefeitura de Vit\u00f3ria da Conquista na mira da Justi\u00e7a Eleitoral por suposto uso da m\u00e1quina p\u00fablica em benef\u00edcio de pr\u00e9-candidato"},"content":{"rendered":"<h4>A Justi\u00e7a Eleitoral tornou p\u00fablica a A\u00e7\u00e3o de Investiga\u00e7\u00e3o Judicial Eleitoral (AIJE) que acusa a prefeita de Vit\u00f3ria da Conquista, Sheila Lemos (Uni\u00e3o Brasil), de pr\u00e1tica de abuso de poder pol\u00edtico e econ\u00f4mico para favorecer a pr\u00e9-candidatura do marido, Wagner Santos Alves Dias, a deputado estadual nas elei\u00e7\u00f5es de 2026.<\/h4>\n<h4>De acordo com a peti\u00e7\u00e3o inicial, a administra\u00e7\u00e3o municipal teria sido utilizada de forma sistem\u00e1tica para impulsionar o projeto eleitoral de Wagner Alves.<\/h4>\n<h4>A den\u00fancia se estrutura em dois eixos principais e aponta participa\u00e7\u00e3o de servidores p\u00fablicos no fomento da pr\u00e9-candidatura, al\u00e9m da cria\u00e7\u00e3o de cerca de 140 cargos comissionados entre 2025 e 2026, segundo o autor da a\u00e7\u00e3o.<\/h4>\n<h4>Um dos epis\u00f3dios destacados \u00e9 o \u201cArrai\u00e1 de Conquista 2026\u201d (20 a 24 de junho\/2026). A pe\u00e7a afirma que o evento, custeado com recursos p\u00fablicos, conferiu visibilidade institucional ao pr\u00e9-candidato \u2014 que, apesar de n\u00e3o ocupar cargo p\u00fablico, participou de recep\u00e7\u00f5es a atra\u00e7\u00f5es, concedeu entrevistas e apareceu em entregas nos camarins.<\/h4>\n<h4>A den\u00fancia tamb\u00e9m menciona mobiliza\u00e7\u00e3o de secret\u00e1rios e servidores para promo\u00e7\u00e3o nas redes sociais e em atos p\u00fablicos.<\/h4>\n<h4>O juiz eleitoral indeferiu pedido liminar que visava impedir atos relacionados ao evento, considerando que se trata de fato consumado e n\u00e3o tendo verificado, em an\u00e1lise preliminar, pedido expl\u00edcito de votos ou uso eleitoral ostensivo da estrutura p\u00fablica.<\/h4>\n<h4>A decis\u00e3o ressaltou ainda que barrar a presen\u00e7a de um cidad\u00e3o em festa popular poderia violar direitos de locomo\u00e7\u00e3o e participa\u00e7\u00e3o comunit\u00e1ria.<\/h4>\n<h4>Entre as san\u00e7\u00f5es requeridas na a\u00e7\u00e3o est\u00e3o a cassa\u00e7\u00e3o do registro ou do diploma e a declara\u00e7\u00e3o de inelegibilidade por oito anos para Wagner Alves, al\u00e9m de declara\u00e7\u00e3o de inelegibilidade por oito anos para a prefeita Sheila Lemos, com base na Lei Complementar n\u00ba 64\/1990 (art. 22, XIV).<\/h4>\n<h4>O juiz determinou o fim do segredo de justi\u00e7a, por entender que n\u00e3o h\u00e1 risco de exposi\u00e7\u00e3o de dados sigilosos, e os atos processuais passaram a ser p\u00fablicos.<\/h4>\n<h4>O caso segue em tramita\u00e7\u00e3o na Justi\u00e7a Eleitoral para instru\u00e7\u00e3o e julgamento do m\u00e9rito. A assessoria da Prefeitura de Vit\u00f3ria da Conquista ainda n\u00e3o se manifestou sobre a den\u00fancia.<\/h4>\n<h4>A reportagem acompanha o processo e atualizar\u00e1 a mat\u00e9ria quando houver posicionamentos oficiais ou novas decis\u00f5es judiciais.<\/h4>\n","protected":false},"excerpt":{"rendered":"<p>A Justi\u00e7a Eleitoral tornou p\u00fablica a A\u00e7\u00e3o de Investiga\u00e7\u00e3o Judicial Eleitoral (AIJE) que acusa a prefeita de Vit\u00f3ria da Conquista, Sheila Lemos (Uni\u00e3o Brasil), de pr\u00e1tica de abuso de poder pol\u00edtico e econ\u00f4mico para favorecer a pr\u00e9-candidatura do marido, Wagner Santos Alves Dias, a deputado estadual nas elei\u00e7\u00f5es de 2026. De acordo com a peti\u00e7\u00e3o inicial, a administra\u00e7\u00e3o municipal teria sido utilizada de forma sistem\u00e1tica para impulsionar o projeto eleitoral de Wagner Alves. A den\u00fancia se estrutura em dois eixos principais e aponta participa\u00e7\u00e3o de servidores p\u00fablicos no fomento da pr\u00e9-candidatura, al\u00e9m da cria\u00e7\u00e3o de cerca de 140 cargos comissionados [&hellip;]<\/p>\n","protected":false},"author":4,"featured_media":182830,"comment_status":"open","ping_status":"open","sticky":false,"template":"","format":"standard","meta":[],"categories":[304],"tags":[],"_links":{"self":[{"href":"https:\/\/www.cronicasdeitarantim.com.br\/v1\/wp-json\/wp\/v2\/posts\/182829"}],"collection":[{"href":"https:\/\/www.cronicasdeitarantim.com.br\/v1\/wp-json\/wp\/v2\/posts"}],"about":[{"href":"https:\/\/www.cronicasdeitarantim.com.br\/v1\/wp-json\/wp\/v2\/types\/post"}],"author":[{"embeddable":true,"href":"https:\/\/www.cronicasdeitarantim.com.br\/v1\/wp-json\/wp\/v2\/users\/4"}],"replies":[{"embeddable":true,"href":"https:\/\/www.cronicasdeitarantim.com.br\/v1\/wp-json\/wp\/v2\/comments?post=182829"}],"version-history":[{"count":1,"href":"https:\/\/www.cronicasdeitarantim.com.br\/v1\/wp-json\/wp\/v2\/posts\/182829\/revisions"}],"predecessor-version":[{"id":182831,"href":"https:\/\/www.cronicasdeitarantim.com.br\/v1\/wp-json\/wp\/v2\/posts\/182829\/revisions\/182831"}],"wp:featuredmedia":[{"embeddable":true,"href":"https:\/\/www.cronicasdeitarantim.com.br\/v1\/wp-json\/wp\/v2\/media\/182830"}],"wp:attachment":[{"href":"https:\/\/www.cronicasdeitarantim.com.br\/v1\/wp-json\/wp\/v2\/media?parent=182829"}],"wp:term":[{"taxonomy":"category","embeddable":true,"href":"https:\/\/www.cronicasdeitarantim.com.br\/v1\/wp-json\/wp\/v2\/categories?post=182829"},{"taxonomy":"post_tag","embeddable":true,"href":"https:\/\/www.cronicasdeitarantim.com.br\/v1\/wp-json\/wp\/v2\/tags?post=182829"}],"curies":[{"name":"wp","href":"https:\/\/api.w.org\/{rel}","templated":true}]}}