{"id":182827,"date":"2026-09-01T10:13:01","date_gmt":"2026-09-01T13:13:01","guid":{"rendered":"https:\/\/www.cronicasdeitarantim.com.br\/v1\/?p=182827"},"modified":"2026-09-01T10:13:01","modified_gmt":"2026-09-01T13:13:01","slug":"pesquisa-real-time-aponta-lula-com-38-contra-30-de-flavio-bolsonaro-no-primeiro-turno","status":"publish","type":"post","link":"https:\/\/www.cronicasdeitarantim.com.br\/v1\/2026\/09\/01\/pesquisa-real-time-aponta-lula-com-38-contra-30-de-flavio-bolsonaro-no-primeiro-turno\/","title":{"rendered":"Pesquisa Real Time aponta Lula com 38% contra 30% de Fl\u00e1vio Bolsonaro no primeiro turno"},"content":{"rendered":"<h4 data-end=\"345\" data-start=\"0\">A pesquisa Real Time Big Data divulgada nesta ter\u00e7a-feira, 01 de setembro, aponta o presidente Luiz In\u00e1cio Lula da Silva (PT) na lideran\u00e7a da corrida presidencial no primeiro turno, com 38% das inten\u00e7\u00f5es de voto. O senador Fl\u00e1vio Bolsonaro (PL) aparece em segundo, com 30%, enquanto o escritor Augusto Cury (Avante) registra 11% e Renan Santos (Miss\u00e3o), 7%.<\/h4>\n<h4 data-end=\"898\" data-start=\"617\">No cen\u00e1rio estimulado, em que os nomes dos candidatos s\u00e3o apresentados aos entrevistados, Ronaldo Caiado (PSD) aparece com 4%, seguido por Romeu Zema (Novo), com 2%. Outros candidatos somam 2%, enquanto 3% declararam voto branco ou nulo e outros 3% n\u00e3o souberam ou n\u00e3o responderam.<\/h4>\n<h4 data-end=\"1314\" data-start=\"900\">Na consulta espont\u00e2nea, quando os eleitores n\u00e3o recebem uma rela\u00e7\u00e3o de candidatos, Lula tamb\u00e9m lidera, com 35%, contra 25% de Fl\u00e1vio Bolsonaro. Augusto Cury e Renan Santos aparecem com 4% cada. Caiado tem 2%, enquanto Jair Bolsonaro (PL), que est\u00e1 ineleg\u00edvel, e Pablo Mar\u00e7al (PRTB), tamb\u00e9m ineleg\u00edvel, registram 1% cada. Outros nomes somam 1%, brancos e nulos representam 11% e 16% n\u00e3o souberam ou n\u00e3o responderam.<\/h4>\n","protected":false},"excerpt":{"rendered":"<p>A pesquisa Real Time Big Data divulgada nesta ter\u00e7a-feira, 01 de setembro, aponta o presidente Luiz In\u00e1cio Lula da Silva (PT) na lideran\u00e7a da corrida presidencial no primeiro turno, com 38% das inten\u00e7\u00f5es de voto. O senador Fl\u00e1vio Bolsonaro (PL) aparece em segundo, com 30%, enquanto o escritor Augusto Cury (Avante) registra 11% e Renan Santos (Miss\u00e3o), 7%. No cen\u00e1rio estimulado, em que os nomes dos candidatos s\u00e3o apresentados aos entrevistados, Ronaldo Caiado (PSD) aparece com 4%, seguido por Romeu Zema (Novo), com 2%. Outros candidatos somam 2%, enquanto 3% declararam voto branco ou nulo e outros 3% n\u00e3o souberam [&hellip;]<\/p>\n","protected":false},"author":4,"featured_media":182702,"comment_status":"open","ping_status":"open","sticky":false,"template":"","format":"standard","meta":[],"categories":[296],"tags":[],"_links":{"self":[{"href":"https:\/\/www.cronicasdeitarantim.com.br\/v1\/wp-json\/wp\/v2\/posts\/182827"}],"collection":[{"href":"https:\/\/www.cronicasdeitarantim.com.br\/v1\/wp-json\/wp\/v2\/posts"}],"about":[{"href":"https:\/\/www.cronicasdeitarantim.com.br\/v1\/wp-json\/wp\/v2\/types\/post"}],"author":[{"embeddable":true,"href":"https:\/\/www.cronicasdeitarantim.com.br\/v1\/wp-json\/wp\/v2\/users\/4"}],"replies":[{"embeddable":true,"href":"https:\/\/www.cronicasdeitarantim.com.br\/v1\/wp-json\/wp\/v2\/comments?post=182827"}],"version-history":[{"count":1,"href":"https:\/\/www.cronicasdeitarantim.com.br\/v1\/wp-json\/wp\/v2\/posts\/182827\/revisions"}],"predecessor-version":[{"id":182828,"href":"https:\/\/www.cronicasdeitarantim.com.br\/v1\/wp-json\/wp\/v2\/posts\/182827\/revisions\/182828"}],"wp:featuredmedia":[{"embeddable":true,"href":"https:\/\/www.cronicasdeitarantim.com.br\/v1\/wp-json\/wp\/v2\/media\/182702"}],"wp:attachment":[{"href":"https:\/\/www.cronicasdeitarantim.com.br\/v1\/wp-json\/wp\/v2\/media?parent=182827"}],"wp:term":[{"taxonomy":"category","embeddable":true,"href":"https:\/\/www.cronicasdeitarantim.com.br\/v1\/wp-json\/wp\/v2\/categories?post=182827"},{"taxonomy":"post_tag","embeddable":true,"href":"https:\/\/www.cronicasdeitarantim.com.br\/v1\/wp-json\/wp\/v2\/tags?post=182827"}],"curies":[{"name":"wp","href":"https:\/\/api.w.org\/{rel}","templated":true}]}}