{"id":182823,"date":"2026-09-01T00:13:44","date_gmt":"2026-09-01T03:13:44","guid":{"rendered":"https:\/\/www.cronicasdeitarantim.com.br\/v1\/?p=182823"},"modified":"2026-09-01T00:13:44","modified_gmt":"2026-09-01T03:13:44","slug":"potiragua-secretario-de-cultura-deixa-a-pasta-em-meio-a-movimentacao-do-maior-evento-festivo-do-municipio","status":"publish","type":"post","link":"https:\/\/www.cronicasdeitarantim.com.br\/v1\/2026\/09\/01\/potiragua-secretario-de-cultura-deixa-a-pasta-em-meio-a-movimentacao-do-maior-evento-festivo-do-municipio\/","title":{"rendered":"Potiragu\u00e1: Secret\u00e1rio de Cultura deixa a pasta em meio \u00e0 movimenta\u00e7\u00e3o do maior evento festivo do munic\u00edpio"},"content":{"rendered":"<h4>Ramon Ferraz deixa Secretaria de Cultura de Potiragu\u00e1 para assumir novo desafio.<\/h4>\n<h4>O jornalista Ramon Ferraz n\u00e3o \u00e9 mais o titular da Secretaria de Cultura do munic\u00edpio de Potiragu\u00e1. A exonera\u00e7\u00e3o foi oficializada nesta segunda-feira, 31 de agosto.<\/h4>\n<h4>Segundo informa\u00e7\u00f5es apuradas, a sa\u00edda de Ramon ocorre devido a um novo desafio profissional: ele assumir\u00e1 a coordena\u00e7\u00e3o de jornalismo da Prefeitura de Vit\u00f3ria da Conquista.<\/h4>\n<h4>A mudan\u00e7a pegou a comunidade de surpresa, j\u00e1 que ocorre \u00e0s v\u00e9speras da vaquejada, principal evento festivo da cidade e cuja organiza\u00e7\u00e3o est\u00e1 diretamente sob a responsabilidade da Secretaria de Cultura.<\/h4>\n<h4>Durante sua gest\u00e3o, o ex-secret\u00e1rio foi respons\u00e1vel por diversas a\u00e7\u00f5es, embora tamb\u00e9m tenha enfrentado cr\u00edticas de vereadores e de parte da base aliada ao governo municipal.<\/h4>\n<h4>At\u00e9 o momento, a pasta permanece sem um novo titular definido, e diversos nomes j\u00e1 come\u00e7aram a ser especulados nos bastidores para suceder Ramon Ferraz na reta final de prepara\u00e7\u00e3o para a festa.<\/h4>\n","protected":false},"excerpt":{"rendered":"<p>Ramon Ferraz deixa Secretaria de Cultura de Potiragu\u00e1 para assumir novo desafio. O jornalista Ramon Ferraz n\u00e3o \u00e9 mais o titular da Secretaria de Cultura do munic\u00edpio de Potiragu\u00e1. A exonera\u00e7\u00e3o foi oficializada nesta segunda-feira, 31 de agosto. Segundo informa\u00e7\u00f5es apuradas, a sa\u00edda de Ramon ocorre devido a um novo desafio profissional: ele assumir\u00e1 a coordena\u00e7\u00e3o de jornalismo da Prefeitura de Vit\u00f3ria da Conquista. A mudan\u00e7a pegou a comunidade de surpresa, j\u00e1 que ocorre \u00e0s v\u00e9speras da vaquejada, principal evento festivo da cidade e cuja organiza\u00e7\u00e3o est\u00e1 diretamente sob a responsabilidade da Secretaria de Cultura. Durante sua gest\u00e3o, o ex-secret\u00e1rio [&hellip;]<\/p>\n","protected":false},"author":4,"featured_media":182824,"comment_status":"open","ping_status":"open","sticky":false,"template":"","format":"standard","meta":[],"categories":[1],"tags":[],"_links":{"self":[{"href":"https:\/\/www.cronicasdeitarantim.com.br\/v1\/wp-json\/wp\/v2\/posts\/182823"}],"collection":[{"href":"https:\/\/www.cronicasdeitarantim.com.br\/v1\/wp-json\/wp\/v2\/posts"}],"about":[{"href":"https:\/\/www.cronicasdeitarantim.com.br\/v1\/wp-json\/wp\/v2\/types\/post"}],"author":[{"embeddable":true,"href":"https:\/\/www.cronicasdeitarantim.com.br\/v1\/wp-json\/wp\/v2\/users\/4"}],"replies":[{"embeddable":true,"href":"https:\/\/www.cronicasdeitarantim.com.br\/v1\/wp-json\/wp\/v2\/comments?post=182823"}],"version-history":[{"count":2,"href":"https:\/\/www.cronicasdeitarantim.com.br\/v1\/wp-json\/wp\/v2\/posts\/182823\/revisions"}],"predecessor-version":[{"id":182826,"href":"https:\/\/www.cronicasdeitarantim.com.br\/v1\/wp-json\/wp\/v2\/posts\/182823\/revisions\/182826"}],"wp:featuredmedia":[{"embeddable":true,"href":"https:\/\/www.cronicasdeitarantim.com.br\/v1\/wp-json\/wp\/v2\/media\/182824"}],"wp:attachment":[{"href":"https:\/\/www.cronicasdeitarantim.com.br\/v1\/wp-json\/wp\/v2\/media?parent=182823"}],"wp:term":[{"taxonomy":"category","embeddable":true,"href":"https:\/\/www.cronicasdeitarantim.com.br\/v1\/wp-json\/wp\/v2\/categories?post=182823"},{"taxonomy":"post_tag","embeddable":true,"href":"https:\/\/www.cronicasdeitarantim.com.br\/v1\/wp-json\/wp\/v2\/tags?post=182823"}],"curies":[{"name":"wp","href":"https:\/\/api.w.org\/{rel}","templated":true}]}}