{"id":182819,"date":"2026-08-31T11:41:18","date_gmt":"2026-08-31T14:41:18","guid":{"rendered":"https:\/\/www.cronicasdeitarantim.com.br\/v1\/?p=182819"},"modified":"2026-08-31T11:49:44","modified_gmt":"2026-08-31T14:49:44","slug":"eleicoes-2026-fim-de-semana-de-intensa-movimentacao-politica-em-itarantim-das-principais-liderancas","status":"publish","type":"post","link":"https:\/\/www.cronicasdeitarantim.com.br\/v1\/2026\/08\/31\/eleicoes-2026-fim-de-semana-de-intensa-movimentacao-politica-em-itarantim-das-principais-liderancas\/","title":{"rendered":"Elei\u00e7\u00f5es 2026: Fim de semana de intensa movimenta\u00e7\u00e3o pol\u00edtica em Itarantim das principais lideran\u00e7as"},"content":{"rendered":"<h4>O fim de semana foi marcado por uma intensa movimenta\u00e7\u00e3o pol\u00edtica em Itarantim, com as principais lideran\u00e7as locais fazendo campanha para seus candidatos a deputado, senador, governador e presidente.<\/h4>\n<h4>No s\u00e1bado, 29 de agosto, o prefeito F\u00e1bio Gusm\u00e3o promoveu um adesiva\u00e7o durante o dia e, \u00e0 noite, inaugurou seu comit\u00ea de campanha. O evento contou com a presen\u00e7a do deputado Rosemberg Pinto (candidato a estadual) e de Daniel Alencar (candidato a federal).<\/h4>\n<div id=\"attachment_182814\" style=\"width: 598px\" class=\"wp-caption alignnone\"><a href=\"https:\/\/www.cronicasdeitarantim.com.br\/v1\/wp-content\/uploads\/2026\/08\/1003259656.jpeg\"><img aria-describedby=\"caption-attachment-182814\" decoding=\"async\" loading=\"lazy\" class=\"wp-image-182814\" src=\"https:\/\/www.cronicasdeitarantim.com.br\/v1\/wp-content\/uploads\/2026\/08\/1003259656.jpeg\" alt=\"\" width=\"588\" height=\"265\" srcset=\"https:\/\/www.cronicasdeitarantim.com.br\/v1\/wp-content\/uploads\/2026\/08\/1003259656.jpeg 730w, https:\/\/www.cronicasdeitarantim.com.br\/v1\/wp-content\/uploads\/2026\/08\/1003259656-300x135.jpeg 300w, https:\/\/www.cronicasdeitarantim.com.br\/v1\/wp-content\/uploads\/2026\/08\/1003259656-400x180.jpeg 400w\" sizes=\"(max-width: 588px) 100vw, 588px\" \/><\/a><p id=\"caption-attachment-182814\" class=\"wp-caption-text\">Prefeito de Itarantim realiza inaugura\u00e7\u00e3o de comit\u00ea e com\u00edcio<\/p><\/div>\n<h4>J\u00e1 o empres\u00e1rio Joelan Sobrinho, do grupo &#8220;Itarantim Pode Mais&#8221;, al\u00e9m das intensas visitas nos bairros da cidade, cumpriu agenda neste domingo, 30 de agosto, em Vit\u00f3ria da Conquista com lideran\u00e7as regionais e o candidato a deputado estadual Silva Neto, que receber\u00e1 o apoio do grupo no munic\u00edpio. Joelan, que tamb\u00e9m prestigiou um evento esportivo em Maiquinique, confirmou que, al\u00e9m de Silva Neto, o grupo apoia Carlos Muniz para deputado federal.<\/h4>\n<div id=\"attachment_182815\" style=\"width: 565px\" class=\"wp-caption alignnone\"><a href=\"https:\/\/www.cronicasdeitarantim.com.br\/v1\/wp-content\/uploads\/2026\/08\/1003279506.jpeg\"><img aria-describedby=\"caption-attachment-182815\" decoding=\"async\" loading=\"lazy\" class=\"wp-image-182815\" src=\"https:\/\/www.cronicasdeitarantim.com.br\/v1\/wp-content\/uploads\/2026\/08\/1003279506.jpeg\" alt=\"\" width=\"555\" height=\"417\" srcset=\"https:\/\/www.cronicasdeitarantim.com.br\/v1\/wp-content\/uploads\/2026\/08\/1003279506.jpeg 730w, https:\/\/www.cronicasdeitarantim.com.br\/v1\/wp-content\/uploads\/2026\/08\/1003279506-300x225.jpeg 300w, https:\/\/www.cronicasdeitarantim.com.br\/v1\/wp-content\/uploads\/2026\/08\/1003279506-400x300.jpeg 400w\" sizes=\"(max-width: 555px) 100vw, 555px\" \/><\/a><p id=\"caption-attachment-182815\" class=\"wp-caption-text\">Reuni\u00e3o com lideran\u00e7as em Vit\u00f3ria da Conquista com o candidato Silva Neto<\/p><\/div>\n<h4>O presidente da C\u00e2mara, vereador Dudu dos Tutas, informou que cumpriu agenda de visitas. Dudu apresentou \u00e0 comunidade o nome de Andr\u00e9a Castro, primeira-dama de Itabuna, para deputada estadual, e de Ant\u00f4nio Britto para deputado federal. Dudu tem realizado uma campanha desde que come\u00e7ou, bastante concisa realizando uma s\u00e9rie de visitas dialogando com as pessoas.<\/h4>\n<div id=\"attachment_182817\" style=\"width: 514px\" class=\"wp-caption alignnone\"><a href=\"https:\/\/www.cronicasdeitarantim.com.br\/v1\/wp-content\/uploads\/2026\/08\/1003279614.jpeg\"><img aria-describedby=\"caption-attachment-182817\" decoding=\"async\" loading=\"lazy\" class=\"wp-image-182817\" src=\"https:\/\/www.cronicasdeitarantim.com.br\/v1\/wp-content\/uploads\/2026\/08\/1003279614.jpeg\" alt=\"\" width=\"504\" height=\"317\" srcset=\"https:\/\/www.cronicasdeitarantim.com.br\/v1\/wp-content\/uploads\/2026\/08\/1003279614.jpeg 730w, https:\/\/www.cronicasdeitarantim.com.br\/v1\/wp-content\/uploads\/2026\/08\/1003279614-300x189.jpeg 300w, https:\/\/www.cronicasdeitarantim.com.br\/v1\/wp-content\/uploads\/2026\/08\/1003279614-400x252.jpeg 400w\" sizes=\"(max-width: 504px) 100vw, 504px\" \/><\/a><p id=\"caption-attachment-182817\" class=\"wp-caption-text\">Grupo pol\u00edtico do presidente da C\u00e2mara que vem realizando constantes visitas<\/p><\/div>\n<h4>A ex-candidata a prefeita Ana Paula Dantas, que vinha de forma t\u00edmida sem muita movimenta\u00e7\u00e3o, esteve em um evento esportivo no campo da Rua da Palha, onde dialogou com a comunidade e distribuiu material de campanha. Ela oficializou seu apoio a Sandro R\u00e9gis (estadual) e L\u00e9o Prates (federal). O grupo de Ana Paula destacou, ainda, que mant\u00e9m uma agenda constante de reuni\u00f5es para fortalecer a articula\u00e7\u00e3o da campanha de seus candidatos.<\/h4>\n<div id=\"attachment_182813\" style=\"width: 576px\" class=\"wp-caption alignnone\"><a href=\"https:\/\/www.cronicasdeitarantim.com.br\/v1\/wp-content\/uploads\/2026\/08\/1003265124.jpeg\"><img aria-describedby=\"caption-attachment-182813\" decoding=\"async\" loading=\"lazy\" class=\"wp-image-182813\" src=\"https:\/\/www.cronicasdeitarantim.com.br\/v1\/wp-content\/uploads\/2026\/08\/1003265124.jpeg\" alt=\"\" width=\"566\" height=\"255\" srcset=\"https:\/\/www.cronicasdeitarantim.com.br\/v1\/wp-content\/uploads\/2026\/08\/1003265124.jpeg 730w, https:\/\/www.cronicasdeitarantim.com.br\/v1\/wp-content\/uploads\/2026\/08\/1003265124-300x135.jpeg 300w, https:\/\/www.cronicasdeitarantim.com.br\/v1\/wp-content\/uploads\/2026\/08\/1003265124-400x180.jpeg 400w\" sizes=\"(max-width: 566px) 100vw, 566px\" \/><\/a><p id=\"caption-attachment-182813\" class=\"wp-caption-text\">Ana Paula Dantas em uma movimenta\u00e7\u00e3o pol\u00edtica no campo da Rua da Palha<\/p><\/div>\n<h3>Quem est\u00e1 mais articulado em Itarantim?<\/h3>\n<h3>Uma an\u00e1lise r\u00e1pida.<\/h3>\n<h4>Olhando pelo contexto pol\u00edtico, cada grupo est\u00e1 adotando uma estrat\u00e9gia muito diferente, ent\u00e3o a &#8220;melhor&#8221; articula\u00e7\u00e3o depende do objetivo de cada um:<\/h4>\n<h4>F\u00e1bio Gusm\u00e3o parece estar focando na for\u00e7a da estrutura institucional. Inaugurar um comit\u00ea e fazer adesiva\u00e7o com a presen\u00e7a f\u00edsica dos candidatos mostra uma tentativa de mostrar &#8220;m\u00e1quina&#8221; e for\u00e7a eleitoral na sede do munic\u00edpio.<\/h4>\n<h4>Joelan Sobrinho est\u00e1 trabalhando uma vis\u00e3o de uma ideia nova, com pol\u00edticas de empreendedorismo e a\u00e7\u00f5es de fortalecimento de uma pol\u00edtica de fomento do com\u00e9rcio. Ao sair de Itarantim para se reunir com lideran\u00e7as em Vit\u00f3ria da Conquista e circular por outros munic\u00edpios, ele mostra que quer consolidar o grupo dele n\u00e3o s\u00f3 como um nome local, mas como um ator que tem tr\u00e2nsito em outras cidades.<\/h4>\n<h4>Dudu dos Tutas aposta na proximidade e no corpo a corpo. Agenda de visitas \u00e9 o feij\u00e3o com arroz da pol\u00edtica: \u00e9 onde se conquista voto de confian\u00e7a, um a um. \u00c9 um nome que j\u00e1 vem h\u00e1 tempos com seu projeto na \u00e1rea da sa\u00fade que vem atendendo demandas importantes e apresentou candidatos que tamb\u00e9m tem essa mesma ideia pol\u00edtica.<\/h4>\n<h4>Ana Paula Dantas foca no trabalho de base e na manuten\u00e7\u00e3o do grupo. Ao estar presente em eventos populares (como o campo da Rua da Palha) e falar em &#8220;reuni\u00f5es constantes&#8221;, ela parece estar tentando manter a chama acesa com o eleitorado mais pr\u00f3ximo e preparando o terreno para uma estrat\u00e9gia mais agressiva na reta final. N\u00e3o podemos esquecer que a ex-candidata tem tr\u00eas mil votos na \u00faltima elei\u00e7\u00e3o. Se essa gordura est\u00e1 queimada, as urnas ir\u00e3o dizer.<\/h4>\n<h4>Na pol\u00edtica, a &#8220;melhor&#8221; articula\u00e7\u00e3o geralmente \u00e9 a que consegue manter o grupo unido at\u00e9 o dia da vota\u00e7\u00e3o. Qual desses estilos voc\u00ea acha que est\u00e1 gerando mais impacto nas conversas de rua por a\u00ed?<\/h4>\n","protected":false},"excerpt":{"rendered":"<p>O fim de semana foi marcado por uma intensa movimenta\u00e7\u00e3o pol\u00edtica em Itarantim, com as principais lideran\u00e7as locais fazendo campanha para seus candidatos a deputado, senador, governador e presidente. No s\u00e1bado, 29 de agosto, o prefeito F\u00e1bio Gusm\u00e3o promoveu um adesiva\u00e7o durante o dia e, \u00e0 noite, inaugurou seu comit\u00ea de campanha. O evento contou com a presen\u00e7a do deputado Rosemberg Pinto (candidato a estadual) e de Daniel Alencar (candidato a federal). J\u00e1 o empres\u00e1rio Joelan Sobrinho, do grupo &#8220;Itarantim Pode Mais&#8221;, al\u00e9m das intensas visitas nos bairros da cidade, cumpriu agenda neste domingo, 30 de agosto, em Vit\u00f3ria da [&hellip;]<\/p>\n","protected":false},"author":4,"featured_media":182818,"comment_status":"open","ping_status":"open","sticky":false,"template":"","format":"standard","meta":[],"categories":[308,304],"tags":[],"_links":{"self":[{"href":"https:\/\/www.cronicasdeitarantim.com.br\/v1\/wp-json\/wp\/v2\/posts\/182819"}],"collection":[{"href":"https:\/\/www.cronicasdeitarantim.com.br\/v1\/wp-json\/wp\/v2\/posts"}],"about":[{"href":"https:\/\/www.cronicasdeitarantim.com.br\/v1\/wp-json\/wp\/v2\/types\/post"}],"author":[{"embeddable":true,"href":"https:\/\/www.cronicasdeitarantim.com.br\/v1\/wp-json\/wp\/v2\/users\/4"}],"replies":[{"embeddable":true,"href":"https:\/\/www.cronicasdeitarantim.com.br\/v1\/wp-json\/wp\/v2\/comments?post=182819"}],"version-history":[{"count":3,"href":"https:\/\/www.cronicasdeitarantim.com.br\/v1\/wp-json\/wp\/v2\/posts\/182819\/revisions"}],"predecessor-version":[{"id":182822,"href":"https:\/\/www.cronicasdeitarantim.com.br\/v1\/wp-json\/wp\/v2\/posts\/182819\/revisions\/182822"}],"wp:featuredmedia":[{"embeddable":true,"href":"https:\/\/www.cronicasdeitarantim.com.br\/v1\/wp-json\/wp\/v2\/media\/182818"}],"wp:attachment":[{"href":"https:\/\/www.cronicasdeitarantim.com.br\/v1\/wp-json\/wp\/v2\/media?parent=182819"}],"wp:term":[{"taxonomy":"category","embeddable":true,"href":"https:\/\/www.cronicasdeitarantim.com.br\/v1\/wp-json\/wp\/v2\/categories?post=182819"},{"taxonomy":"post_tag","embeddable":true,"href":"https:\/\/www.cronicasdeitarantim.com.br\/v1\/wp-json\/wp\/v2\/tags?post=182819"}],"curies":[{"name":"wp","href":"https:\/\/api.w.org\/{rel}","templated":true}]}}