{"id":182725,"date":"2026-08-30T20:39:40","date_gmt":"2026-08-30T23:39:40","guid":{"rendered":"https:\/\/www.cronicasdeitarantim.com.br\/v1\/?p=182725"},"modified":"2026-08-30T20:39:40","modified_gmt":"2026-08-30T23:39:40","slug":"tragedia-quatro-criancas-morrem-afogadas-em-reservatorio-de-agua-no-sudoeste-da-bahia","status":"publish","type":"post","link":"https:\/\/www.cronicasdeitarantim.com.br\/v1\/2026\/08\/30\/tragedia-quatro-criancas-morrem-afogadas-em-reservatorio-de-agua-no-sudoeste-da-bahia\/","title":{"rendered":"TRAG\u00c9DIA: Quatro crian\u00e7as morrem afogadas em reservat\u00f3rio de \u00e1gua no sudoeste da Bahia"},"content":{"rendered":"<h4>Uma trag\u00e9dia chocou a regi\u00e3o de Paramirim, no sudoeste baiano, na tarde deste domingo, 30 de agosto. Quatro crian\u00e7as, com idades entre 2 e 9 anos, morreram ap\u00f3s se afogarem em um reservat\u00f3rio de \u00e1gua localizado em uma propriedade rural nas proximidades do munic\u00edpio.<\/h4>\n<h4>Segundo informa\u00e7\u00f5es preliminares, as v\u00edtimas tinham 2, 4, 7 e 9 anos. O local do acidente \u00e9 um reservat\u00f3rio de pequeno porte, estruturado com lona.<\/h4>\n<h4>Equipes de seguran\u00e7a foram acionadas e o local foi isolado para a realiza\u00e7\u00e3o da per\u00edcia. At\u00e9 o momento da trag\u00e9dia, aguardava-se a chegada do Corpo de Bombeiros e do Departamento de Pol\u00edcia T\u00e9cnica (DPT) para a remo\u00e7\u00e3o dos corpos e in\u00edcio das investiga\u00e7\u00f5es.<\/h4>\n<h4>Ainda n\u00e3o h\u00e1 informa\u00e7\u00f5es concretas sobre as circunst\u00e2ncias que permitiram o acesso das crian\u00e7as ao reservat\u00f3rio ou os detalhes que levaram ao afogamento. As identidades das v\u00edtimas n\u00e3o foram divulgadas oficialmente. O caso causou profunda como\u00e7\u00e3o entre os moradores da regi\u00e3o, que aguardam por esclarecimentos das autoridades.<\/h4>\n","protected":false},"excerpt":{"rendered":"<p>Uma trag\u00e9dia chocou a regi\u00e3o de Paramirim, no sudoeste baiano, na tarde deste domingo, 30 de agosto. Quatro crian\u00e7as, com idades entre 2 e 9 anos, morreram ap\u00f3s se afogarem em um reservat\u00f3rio de \u00e1gua localizado em uma propriedade rural nas proximidades do munic\u00edpio. Segundo informa\u00e7\u00f5es preliminares, as v\u00edtimas tinham 2, 4, 7 e 9 anos. O local do acidente \u00e9 um reservat\u00f3rio de pequeno porte, estruturado com lona. Equipes de seguran\u00e7a foram acionadas e o local foi isolado para a realiza\u00e7\u00e3o da per\u00edcia. At\u00e9 o momento da trag\u00e9dia, aguardava-se a chegada do Corpo de Bombeiros e do Departamento de [&hellip;]<\/p>\n","protected":false},"author":4,"featured_media":182726,"comment_status":"open","ping_status":"open","sticky":false,"template":"","format":"standard","meta":[],"categories":[306],"tags":[],"_links":{"self":[{"href":"https:\/\/www.cronicasdeitarantim.com.br\/v1\/wp-json\/wp\/v2\/posts\/182725"}],"collection":[{"href":"https:\/\/www.cronicasdeitarantim.com.br\/v1\/wp-json\/wp\/v2\/posts"}],"about":[{"href":"https:\/\/www.cronicasdeitarantim.com.br\/v1\/wp-json\/wp\/v2\/types\/post"}],"author":[{"embeddable":true,"href":"https:\/\/www.cronicasdeitarantim.com.br\/v1\/wp-json\/wp\/v2\/users\/4"}],"replies":[{"embeddable":true,"href":"https:\/\/www.cronicasdeitarantim.com.br\/v1\/wp-json\/wp\/v2\/comments?post=182725"}],"version-history":[{"count":1,"href":"https:\/\/www.cronicasdeitarantim.com.br\/v1\/wp-json\/wp\/v2\/posts\/182725\/revisions"}],"predecessor-version":[{"id":182727,"href":"https:\/\/www.cronicasdeitarantim.com.br\/v1\/wp-json\/wp\/v2\/posts\/182725\/revisions\/182727"}],"wp:featuredmedia":[{"embeddable":true,"href":"https:\/\/www.cronicasdeitarantim.com.br\/v1\/wp-json\/wp\/v2\/media\/182726"}],"wp:attachment":[{"href":"https:\/\/www.cronicasdeitarantim.com.br\/v1\/wp-json\/wp\/v2\/media?parent=182725"}],"wp:term":[{"taxonomy":"category","embeddable":true,"href":"https:\/\/www.cronicasdeitarantim.com.br\/v1\/wp-json\/wp\/v2\/categories?post=182725"},{"taxonomy":"post_tag","embeddable":true,"href":"https:\/\/www.cronicasdeitarantim.com.br\/v1\/wp-json\/wp\/v2\/tags?post=182725"}],"curies":[{"name":"wp","href":"https:\/\/api.w.org\/{rel}","templated":true}]}}