{"id":180198,"date":"2026-04-30T22:37:22","date_gmt":"2026-05-01T01:37:22","guid":{"rendered":"https:\/\/www.cronicasdeitarantim.com.br\/v1\/?p=180198"},"modified":"2026-04-30T22:37:22","modified_gmt":"2026-05-01T01:37:22","slug":"coluna-a-conta-invisivel-quem-realmente-paga-o-banquete-da-divida-publica","status":"publish","type":"post","link":"https:\/\/www.cronicasdeitarantim.com.br\/v1\/2026\/04\/30\/coluna-a-conta-invisivel-quem-realmente-paga-o-banquete-da-divida-publica\/","title":{"rendered":"Coluna. A conta invis\u00edvel: Quem realmente paga o banquete da d\u00edvida p\u00fablica?"},"content":{"rendered":"<p>Esta semana, o Tesouro Nacional divulgou dados que deveriam fazer todo brasileiro parar o que est\u00e1 fazendo: a D\u00edvida P\u00fablica Federal (DPF) atingiu a marca de R$ 8,63 trilh\u00f5es (mar\u00e7o\/2026). Embora o n\u00famero tenha apresentado uma queda pontual de 2,34% em rela\u00e7\u00e3o ao m\u00eas anterior, o custo para manter essa estrutura segue em patamares alarmantes, com as novas emiss\u00f5es de t\u00edtulos sendo contratadas a uma taxa m\u00e9dia de 13,92% ao ano.<br \/>\nMas, para al\u00e9m dos gr\u00e1ficos de economistas e das siglas como Selic, CBS ou IBS, existe uma pergunta que raramente \u00e9 respondida com clareza: quem, de fato, paga essa conta e quais s\u00e3o as implica\u00e7\u00f5es morais disso?<br \/>\nGastar hoje, cobrar amanh\u00e3\u2026<br \/>\nDo ponto de vista neutro, a d\u00edvida p\u00fablica \u00e9 apresentada como uma ferramenta de gest\u00e3o: o Estado toma dinheiro emprestado de investidores (bancos, fundos de pens\u00e3o e at\u00e9 voc\u00ea, via Tesouro Direto) para financiar obras, servi\u00e7os e o pr\u00f3prio funcionamento da m\u00e1quina quando a arrecada\u00e7\u00e3o de impostos n\u00e3o \u00e9 suficiente. \u00c9 o chamado &#8220;d\u00e9ficit prim\u00e1rio&#8221;, que em 2026 j\u00e1 acumula perdas bilion\u00e1rias.<br \/>\nJ\u00e1 sob a lente libert\u00e1ria, o cen\u00e1rio muda de figura. A d\u00edvida p\u00fablica n\u00e3o \u00e9 vista como uma &#8220;ferramenta&#8221;, mas como uma **transfer\u00eancia for\u00e7ada de riqueza intergeracional. Quando o governo se endivida, ele n\u00e3o est\u00e1 criando riqueza; ele est\u00e1 consumindo hoje um capital que ainda n\u00e3o foi produzido, sob a promessa de que ser\u00e1 confiscado via impostos de pessoas que, muitas vezes, sequer nasceram ou votaram.<br \/>\nQuem s\u00e3o os &#8220;donos&#8221; da d\u00edvida?<br \/>\nAo contr\u00e1rio do que muitos pensam, a d\u00edvida n\u00e3o \u00e9 devida a um &#8220;vil\u00e3o externo&#8221;. Cerca de 96% da d\u00edvida brasileira \u00e9 interna. Os principais credores s\u00e3o: Institui\u00e7\u00f5es financeiras, Fundos de Investimento (e Pens\u00e3o), Investidores Estrangeiros.<br \/>\nAqui reside um paradoxo: muitos cidad\u00e3os &#8220;lucram&#8221; com a d\u00edvida atrav\u00e9s de seus investimentos em renda fixa, mas o pr\u00f3prio Estado utiliza o dinheiro desses cidad\u00e3os para se sustentar, devolvendo-o depois atrav\u00e9s de impostos retirados do consumo e da produ\u00e7\u00e3o desses mesmos indiv\u00edduos.<br \/>\nO Custo Social vs. O Custo Moral<br \/>\nEnquanto o governo celebra o fato de a d\u00edvida estar &#8220;dentro dos limites projetados&#8221;, a realidade econ\u00f4mica imp\u00f5e dois grandes pesos:<\/p>\n<p>1 &#8211; O Efeito &#8220;Crowding-out&#8221;: Quando o governo precisa de bilh\u00f5es para se financiar e oferece taxas de quase 14% ao ano, ele drena o capital que poderia estar indo para o setor privado. Por que um investidor arriscaria abrir uma f\u00e1brica ou uma startup de tecnologia se ele pode ganhar quase 14% ao ano emprestando para o Estado com &#8220;risco zero&#8221;?<br \/>\n2 &#8211; O Imposto Inflacion\u00e1rio: Quando o custo da d\u00edvida se torna impag\u00e1vel via impostos diretos, o Estado recorre \u00e0 expans\u00e3o monet\u00e1ria. O resultado? A infla\u00e7\u00e3o (IPCA), que corr\u00f3i o poder de compra dos mais pobres, funcionando como um imposto invis\u00edvel e profundamente injusto.<br \/>\nA d\u00edvida \u00e9 \u00e9tica?<\/p>\n<p>Se um pai faz um empr\u00e9stimo em nome do filho sem o seu consentimento, para gastar em benef\u00edcio pr\u00f3prio, dir\u00edamos que isso \u00e9 um crime. No entanto, quando o Estado faz o mesmo em escala trilhard\u00e1ria, chamamos de &#8220;pol\u00edtica fiscal&#8221;.<br \/>\nAt\u00e9 que ponto \u00e9 leg\u00edtimo que a gest\u00e3o atual comprometa o trabalho e a liberdade das gera\u00e7\u00f5es futuras para manter uma estrutura burocr\u00e1tica e ineficiente hoje? A queda recente na d\u00edvida \u00e9 um alento ou apenas uma flutua\u00e7\u00e3o estat\u00edstica em um mar de insolv\u00eancia moral?<br \/>\nE voc\u00ea, como se sente sabendo que cada centavo de &#8220;investimento estatal&#8221; anunciado hoje carrega uma promessa de imposto no seu bolso ou no do seu filho amanh\u00e3?<br \/>\nEste texto reflete o debate atual sobre as contas p\u00fablicas brasileiras em abril de 2026.<\/p>\n<p>*Por Lucas Sobrinho<\/p>\n","protected":false},"excerpt":{"rendered":"<p>Esta semana, o Tesouro Nacional divulgou dados que deveriam fazer todo brasileiro parar o que est\u00e1 fazendo: a D\u00edvida P\u00fablica Federal (DPF) atingiu a marca de R$ 8,63 trilh\u00f5es (mar\u00e7o\/2026). Embora o n\u00famero tenha apresentado uma queda pontual de 2,34% em rela\u00e7\u00e3o ao m\u00eas anterior, o custo para manter essa estrutura segue em patamares alarmantes, com as novas emiss\u00f5es de t\u00edtulos sendo contratadas a uma taxa m\u00e9dia de 13,92% ao ano. Mas, para al\u00e9m dos gr\u00e1ficos de economistas e das siglas como Selic, CBS ou IBS, existe uma pergunta que raramente \u00e9 respondida com clareza: quem, de fato, paga essa [&hellip;]<\/p>\n","protected":false},"author":4,"featured_media":180199,"comment_status":"open","ping_status":"open","sticky":false,"template":"","format":"standard","meta":[],"categories":[308],"tags":[],"_links":{"self":[{"href":"https:\/\/www.cronicasdeitarantim.com.br\/v1\/wp-json\/wp\/v2\/posts\/180198"}],"collection":[{"href":"https:\/\/www.cronicasdeitarantim.com.br\/v1\/wp-json\/wp\/v2\/posts"}],"about":[{"href":"https:\/\/www.cronicasdeitarantim.com.br\/v1\/wp-json\/wp\/v2\/types\/post"}],"author":[{"embeddable":true,"href":"https:\/\/www.cronicasdeitarantim.com.br\/v1\/wp-json\/wp\/v2\/users\/4"}],"replies":[{"embeddable":true,"href":"https:\/\/www.cronicasdeitarantim.com.br\/v1\/wp-json\/wp\/v2\/comments?post=180198"}],"version-history":[{"count":1,"href":"https:\/\/www.cronicasdeitarantim.com.br\/v1\/wp-json\/wp\/v2\/posts\/180198\/revisions"}],"predecessor-version":[{"id":180200,"href":"https:\/\/www.cronicasdeitarantim.com.br\/v1\/wp-json\/wp\/v2\/posts\/180198\/revisions\/180200"}],"wp:featuredmedia":[{"embeddable":true,"href":"https:\/\/www.cronicasdeitarantim.com.br\/v1\/wp-json\/wp\/v2\/media\/180199"}],"wp:attachment":[{"href":"https:\/\/www.cronicasdeitarantim.com.br\/v1\/wp-json\/wp\/v2\/media?parent=180198"}],"wp:term":[{"taxonomy":"category","embeddable":true,"href":"https:\/\/www.cronicasdeitarantim.com.br\/v1\/wp-json\/wp\/v2\/categories?post=180198"},{"taxonomy":"post_tag","embeddable":true,"href":"https:\/\/www.cronicasdeitarantim.com.br\/v1\/wp-json\/wp\/v2\/tags?post=180198"}],"curies":[{"name":"wp","href":"https:\/\/api.w.org\/{rel}","templated":true}]}}