{"id":180194,"date":"2026-04-30T21:56:16","date_gmt":"2026-05-01T00:56:16","guid":{"rendered":"https:\/\/www.cronicasdeitarantim.com.br\/v1\/?p=180194"},"modified":"2026-04-30T21:57:48","modified_gmt":"2026-05-01T00:57:48","slug":"promotora-mp-ba-cobra-fiscalizacao-rigorosa-contra-crimes-ambientais-em-itarantim-e-anunciou-abertura-de-procedimento","status":"publish","type":"post","link":"https:\/\/www.cronicasdeitarantim.com.br\/v1\/2026\/04\/30\/promotora-mp-ba-cobra-fiscalizacao-rigorosa-contra-crimes-ambientais-em-itarantim-e-anunciou-abertura-de-procedimento\/","title":{"rendered":"Promotora (MP-BA) cobra fiscaliza\u00e7\u00e3o rigorosa contra crimes ambientais em Itarantim e anunciou abertura de procedimento"},"content":{"rendered":"<h4>Representando o Minist\u00e9rio P\u00fablico da Bahia, (MP-BA), a promotora de Justi\u00e7a, Dra. Maria Imaculada, participou da audi\u00eancia p\u00fablica na noite desta quarta-feira, 29) de abril, em Itarantim no espa\u00e7o da C\u00e2mara de Vereadores. O encontro teve o objetivo de debater quest\u00f5es ambientais e a Lei de Iniciativa Popular (LIP) aprovada no munic\u00edpio recentemente, que restringe a explora\u00e7\u00e3o e a pesquisa mineral em \u00e1reas sens\u00edveis da regi\u00e3o de Itarantim.<\/h4>\n<h4>Ap\u00f3s ouvir os argumentos dos representantes da mesa e dos moradores das comunidades rurais diretamente afetados, a promotora afirmou que, nesta quinta-feira, 30 de abril, o Minist\u00e9rio P\u00fablico instauraria um procedimento para apurar poss\u00edveis crimes ambientais e o descumprimento da lei municipal por parte da empresa respons\u00e1vel pela pesquisa mineral.<\/h4>\n<h4>A promotora ressaltou que o munic\u00edpio deve assumir sua responsabilidade na fiscaliza\u00e7\u00e3o de eventuais crimes ambientais e destacou que os \u00f3rg\u00e3os competentes precisam intensificar o rigor no cumprimento de suas atribui\u00e7\u00f5es e a lei aprovada.<\/h4>\n<h4>A audi\u00eancia p\u00fablica contou com a presen\u00e7a de diversas autoridades e foi realizada pela C\u00e2mara de Vereadores, com a organiza\u00e7\u00e3o de associa\u00e7\u00f5es rurais do munic\u00edpio em parceria com o Centro de Estudo e A\u00e7\u00e3o Social (Ceas). Veja fala da promotora:<\/h4>\n<p><iframe loading=\"lazy\" title=\"Representando o Minist\u00e9rio P\u00fablico, promotora afirma que ir\u00e1 instaurar procedimento\" width=\"1200\" height=\"675\" src=\"https:\/\/www.youtube.com\/embed\/ZG7dCxspvfE?feature=oembed\" frameborder=\"0\" allow=\"accelerometer; autoplay; clipboard-write; encrypted-media; gyroscope; picture-in-picture; web-share\" referrerpolicy=\"strict-origin-when-cross-origin\" allowfullscreen><\/iframe><\/p>\n","protected":false},"excerpt":{"rendered":"<p>Representando o Minist\u00e9rio P\u00fablico da Bahia, (MP-BA), a promotora de Justi\u00e7a, Dra. Maria Imaculada, participou da audi\u00eancia p\u00fablica na noite desta quarta-feira, 29) de abril, em Itarantim no espa\u00e7o da C\u00e2mara de Vereadores. O encontro teve o objetivo de debater quest\u00f5es ambientais e a Lei de Iniciativa Popular (LIP) aprovada no munic\u00edpio recentemente, que restringe a explora\u00e7\u00e3o e a pesquisa mineral em \u00e1reas sens\u00edveis da regi\u00e3o de Itarantim. Ap\u00f3s ouvir os argumentos dos representantes da mesa e dos moradores das comunidades rurais diretamente afetados, a promotora afirmou que, nesta quinta-feira, 30 de abril, o Minist\u00e9rio P\u00fablico instauraria um procedimento para [&hellip;]<\/p>\n","protected":false},"author":4,"featured_media":180176,"comment_status":"open","ping_status":"open","sticky":false,"template":"","format":"standard","meta":[],"categories":[362],"tags":[],"_links":{"self":[{"href":"https:\/\/www.cronicasdeitarantim.com.br\/v1\/wp-json\/wp\/v2\/posts\/180194"}],"collection":[{"href":"https:\/\/www.cronicasdeitarantim.com.br\/v1\/wp-json\/wp\/v2\/posts"}],"about":[{"href":"https:\/\/www.cronicasdeitarantim.com.br\/v1\/wp-json\/wp\/v2\/types\/post"}],"author":[{"embeddable":true,"href":"https:\/\/www.cronicasdeitarantim.com.br\/v1\/wp-json\/wp\/v2\/users\/4"}],"replies":[{"embeddable":true,"href":"https:\/\/www.cronicasdeitarantim.com.br\/v1\/wp-json\/wp\/v2\/comments?post=180194"}],"version-history":[{"count":3,"href":"https:\/\/www.cronicasdeitarantim.com.br\/v1\/wp-json\/wp\/v2\/posts\/180194\/revisions"}],"predecessor-version":[{"id":180197,"href":"https:\/\/www.cronicasdeitarantim.com.br\/v1\/wp-json\/wp\/v2\/posts\/180194\/revisions\/180197"}],"wp:featuredmedia":[{"embeddable":true,"href":"https:\/\/www.cronicasdeitarantim.com.br\/v1\/wp-json\/wp\/v2\/media\/180176"}],"wp:attachment":[{"href":"https:\/\/www.cronicasdeitarantim.com.br\/v1\/wp-json\/wp\/v2\/media?parent=180194"}],"wp:term":[{"taxonomy":"category","embeddable":true,"href":"https:\/\/www.cronicasdeitarantim.com.br\/v1\/wp-json\/wp\/v2\/categories?post=180194"},{"taxonomy":"post_tag","embeddable":true,"href":"https:\/\/www.cronicasdeitarantim.com.br\/v1\/wp-json\/wp\/v2\/tags?post=180194"}],"curies":[{"name":"wp","href":"https:\/\/api.w.org\/{rel}","templated":true}]}}