{"id":180191,"date":"2026-04-30T19:46:58","date_gmt":"2026-04-30T22:46:58","guid":{"rendered":"https:\/\/www.cronicasdeitarantim.com.br\/v1\/?p=180191"},"modified":"2026-04-30T19:46:58","modified_gmt":"2026-04-30T22:46:58","slug":"prefeito-de-itapetinga-comete-gafe-ao-anunciar-reginaldo-rossi-falecido-em-2013","status":"publish","type":"post","link":"https:\/\/www.cronicasdeitarantim.com.br\/v1\/2026\/04\/30\/prefeito-de-itapetinga-comete-gafe-ao-anunciar-reginaldo-rossi-falecido-em-2013\/","title":{"rendered":"Prefeito de Itapetinga comete gafe ao anunciar Reginaldo Rossi falecido em 2013"},"content":{"rendered":"<h4 data-start=\"85\" data-end=\"409\">O prefeito de\u00a0<span class=\"hover:entity-accent entity-underline inline cursor-pointer align-baseline\"><span class=\"whitespace-normal\">Itapetinga<\/span><\/span>,\u00a0<span class=\"hover:entity-accent entity-underline inline cursor-pointer align-baseline\"><span class=\"whitespace-normal\">Eduardo Hagge<\/span><\/span>, cometeu uma gafe ao divulgar uma das atra\u00e7\u00f5es do S\u00e3o Jo\u00e3o do munic\u00edpio, que ser\u00e1 realizado entre os dias 20 e 23 de junho. O epis\u00f3dio ocorreu durante uma transmiss\u00e3o ao vivo nas redes sociais, nesta quarta-feira, 29 de abril.<\/h4>\n<h4 data-start=\"85\" data-end=\"409\">Durante a live, o gestor mencionou que o cantor <span class=\"hover:entity-accent entity-underline inline cursor-pointer align-baseline\"><span class=\"whitespace-normal\">Reginaldo Rossi<\/span><\/span> se apresentaria no evento e logo foi corrigido pelos que estavam ao seu lado.<\/h4>\n<h4 data-start=\"85\" data-end=\"409\">Reginaldo ficou conhecido como \u201cRei do Brega\u201d, faleceu em dezembro de 2013. A informa\u00e7\u00e3o foi prontamente corrigida pelo secret\u00e1rio municipal de Governo, <span class=\"hover:entity-accent entity-underline inline cursor-pointer align-baseline\"><span class=\"whitespace-normal\">Geraldo Trindade<\/span><\/span>, que esclareceu que a atra\u00e7\u00e3o correta \u00e9 o cantor\u00a0<span class=\"hover:entity-accent entity-underline inline cursor-pointer align-baseline\"><span class=\"whitespace-normal\">Amado Batista<\/span><\/span>.<\/h4>\n<h4 data-start=\"85\" data-end=\"409\">De acordo com a Prefeitura, o cach\u00ea do artista est\u00e1 fixado em R$ 600 mil, valor que ser\u00e1 custeado integralmente com recursos do Governo do Estado.<\/h4>\n<div align=\"center\"><\/div>\n","protected":false},"excerpt":{"rendered":"<p>O prefeito de\u00a0Itapetinga,\u00a0Eduardo Hagge, cometeu uma gafe ao divulgar uma das atra\u00e7\u00f5es do S\u00e3o Jo\u00e3o do munic\u00edpio, que ser\u00e1 realizado entre os dias 20 e 23 de junho. O epis\u00f3dio ocorreu durante uma transmiss\u00e3o ao vivo nas redes sociais, nesta quarta-feira, 29 de abril. Durante a live, o gestor mencionou que o cantor Reginaldo Rossi se apresentaria no evento e logo foi corrigido pelos que estavam ao seu lado. Reginaldo ficou conhecido como \u201cRei do Brega\u201d, faleceu em dezembro de 2013. A informa\u00e7\u00e3o foi prontamente corrigida pelo secret\u00e1rio municipal de Governo, Geraldo Trindade, que esclareceu que a atra\u00e7\u00e3o correta \u00e9 [&hellip;]<\/p>\n","protected":false},"author":4,"featured_media":180192,"comment_status":"open","ping_status":"open","sticky":false,"template":"","format":"standard","meta":[],"categories":[14],"tags":[],"_links":{"self":[{"href":"https:\/\/www.cronicasdeitarantim.com.br\/v1\/wp-json\/wp\/v2\/posts\/180191"}],"collection":[{"href":"https:\/\/www.cronicasdeitarantim.com.br\/v1\/wp-json\/wp\/v2\/posts"}],"about":[{"href":"https:\/\/www.cronicasdeitarantim.com.br\/v1\/wp-json\/wp\/v2\/types\/post"}],"author":[{"embeddable":true,"href":"https:\/\/www.cronicasdeitarantim.com.br\/v1\/wp-json\/wp\/v2\/users\/4"}],"replies":[{"embeddable":true,"href":"https:\/\/www.cronicasdeitarantim.com.br\/v1\/wp-json\/wp\/v2\/comments?post=180191"}],"version-history":[{"count":1,"href":"https:\/\/www.cronicasdeitarantim.com.br\/v1\/wp-json\/wp\/v2\/posts\/180191\/revisions"}],"predecessor-version":[{"id":180193,"href":"https:\/\/www.cronicasdeitarantim.com.br\/v1\/wp-json\/wp\/v2\/posts\/180191\/revisions\/180193"}],"wp:featuredmedia":[{"embeddable":true,"href":"https:\/\/www.cronicasdeitarantim.com.br\/v1\/wp-json\/wp\/v2\/media\/180192"}],"wp:attachment":[{"href":"https:\/\/www.cronicasdeitarantim.com.br\/v1\/wp-json\/wp\/v2\/media?parent=180191"}],"wp:term":[{"taxonomy":"category","embeddable":true,"href":"https:\/\/www.cronicasdeitarantim.com.br\/v1\/wp-json\/wp\/v2\/categories?post=180191"},{"taxonomy":"post_tag","embeddable":true,"href":"https:\/\/www.cronicasdeitarantim.com.br\/v1\/wp-json\/wp\/v2\/tags?post=180191"}],"curies":[{"name":"wp","href":"https:\/\/api.w.org\/{rel}","templated":true}]}}