{"id":180188,"date":"2026-04-30T18:37:15","date_gmt":"2026-04-30T21:37:15","guid":{"rendered":"https:\/\/www.cronicasdeitarantim.com.br\/v1\/?p=180188"},"modified":"2026-04-30T18:37:15","modified_gmt":"2026-04-30T21:37:15","slug":"eleicao-2026-tre-da-bahia-faz-plantao-no-feriado-para-regularizacao-do-titulo","status":"publish","type":"post","link":"https:\/\/www.cronicasdeitarantim.com.br\/v1\/2026\/04\/30\/eleicao-2026-tre-da-bahia-faz-plantao-no-feriado-para-regularizacao-do-titulo\/","title":{"rendered":"Elei\u00e7\u00e3o 2026: TRE da Bahia faz plant\u00e3o no feriado para regulariza\u00e7\u00e3o do t\u00edtulo"},"content":{"rendered":"<div class=\"styles__Body-sc-1ffquwr-7 ePhtZb\">\n<h4>O Tribunal Regional Eleitoral da Bahia far\u00e1 atendimentos extraordin\u00e1rios nesta sexta-feira (1), feriado do Dia do Trabalhador, e no s\u00e1bado (2), em todo o estado. Os servi\u00e7os estar\u00e3o dispon\u00edveis das 8h \u00e0s 12h nos cart\u00f3rios eleitorais e nas Centrais de Atendimento ao P\u00fablico.<\/h4>\n<h4>Durante o plant\u00e3o, a popula\u00e7\u00e3o poder\u00e1 solicitar a primeira via do t\u00edtulo de eleitor, regularizar a situa\u00e7\u00e3o cadastral, realizar biometria, transferir o domic\u00edlio eleitoral, mudar o local de vota\u00e7\u00e3o e atualizar dados pessoais. A iniciativa integra a reta final do fechamento do cadastro eleitoral para as elei\u00e7\u00f5es de 2026, previsto para 6 de maio. Na Bahia, mais de 450 mil pessoas ainda est\u00e3o com o documento cancelado.<\/h4>\n<h4>Para ser atendido, \u00e9 necess\u00e1rio apresentar documento oficial com foto, comprovante de resid\u00eancia recente (emitido h\u00e1 at\u00e9 tr\u00eas meses) e, no caso de homens que completam 19 anos no ano do alistamento, o certificado de quita\u00e7\u00e3o militar.<\/h4>\n<h4>Entre os dias 4 e 6 de maio, o atendimento ser\u00e1 ampliado. No interior o hor\u00e1rio ser\u00e1 das 8h \u00e0s 15h, sempre por ordem de chegada. J\u00e1 os Postos de Atendimento Descentralizados e as unidades do SAC seguir\u00e3o com o funcionamento habitual.<\/h4>\n<p>&nbsp;<\/p>\n<\/div>\n","protected":false},"excerpt":{"rendered":"<p>O Tribunal Regional Eleitoral da Bahia far\u00e1 atendimentos extraordin\u00e1rios nesta sexta-feira (1), feriado do Dia do Trabalhador, e no s\u00e1bado (2), em todo o estado. Os servi\u00e7os estar\u00e3o dispon\u00edveis das 8h \u00e0s 12h nos cart\u00f3rios eleitorais e nas Centrais de Atendimento ao P\u00fablico. Durante o plant\u00e3o, a popula\u00e7\u00e3o poder\u00e1 solicitar a primeira via do t\u00edtulo de eleitor, regularizar a situa\u00e7\u00e3o cadastral, realizar biometria, transferir o domic\u00edlio eleitoral, mudar o local de vota\u00e7\u00e3o e atualizar dados pessoais. A iniciativa integra a reta final do fechamento do cadastro eleitoral para as elei\u00e7\u00f5es de 2026, previsto para 6 de maio. Na Bahia, mais [&hellip;]<\/p>\n","protected":false},"author":4,"featured_media":180189,"comment_status":"open","ping_status":"open","sticky":false,"template":"","format":"standard","meta":[],"categories":[295],"tags":[],"_links":{"self":[{"href":"https:\/\/www.cronicasdeitarantim.com.br\/v1\/wp-json\/wp\/v2\/posts\/180188"}],"collection":[{"href":"https:\/\/www.cronicasdeitarantim.com.br\/v1\/wp-json\/wp\/v2\/posts"}],"about":[{"href":"https:\/\/www.cronicasdeitarantim.com.br\/v1\/wp-json\/wp\/v2\/types\/post"}],"author":[{"embeddable":true,"href":"https:\/\/www.cronicasdeitarantim.com.br\/v1\/wp-json\/wp\/v2\/users\/4"}],"replies":[{"embeddable":true,"href":"https:\/\/www.cronicasdeitarantim.com.br\/v1\/wp-json\/wp\/v2\/comments?post=180188"}],"version-history":[{"count":1,"href":"https:\/\/www.cronicasdeitarantim.com.br\/v1\/wp-json\/wp\/v2\/posts\/180188\/revisions"}],"predecessor-version":[{"id":180190,"href":"https:\/\/www.cronicasdeitarantim.com.br\/v1\/wp-json\/wp\/v2\/posts\/180188\/revisions\/180190"}],"wp:featuredmedia":[{"embeddable":true,"href":"https:\/\/www.cronicasdeitarantim.com.br\/v1\/wp-json\/wp\/v2\/media\/180189"}],"wp:attachment":[{"href":"https:\/\/www.cronicasdeitarantim.com.br\/v1\/wp-json\/wp\/v2\/media?parent=180188"}],"wp:term":[{"taxonomy":"category","embeddable":true,"href":"https:\/\/www.cronicasdeitarantim.com.br\/v1\/wp-json\/wp\/v2\/categories?post=180188"},{"taxonomy":"post_tag","embeddable":true,"href":"https:\/\/www.cronicasdeitarantim.com.br\/v1\/wp-json\/wp\/v2\/tags?post=180188"}],"curies":[{"name":"wp","href":"https:\/\/api.w.org\/{rel}","templated":true}]}}