{"id":180185,"date":"2026-04-30T15:46:13","date_gmt":"2026-04-30T18:46:13","guid":{"rendered":"https:\/\/www.cronicasdeitarantim.com.br\/v1\/?p=180185"},"modified":"2026-04-30T15:50:37","modified_gmt":"2026-04-30T18:50:37","slug":"empresa-de-pesquisa-de-minerio-atua-em-itarantim-de-forma-irregular-ignorando-lei-municipal","status":"publish","type":"post","link":"https:\/\/www.cronicasdeitarantim.com.br\/v1\/2026\/04\/30\/empresa-de-pesquisa-de-minerio-atua-em-itarantim-de-forma-irregular-ignorando-lei-municipal\/","title":{"rendered":"Empresa de pesquisa de min\u00e9rio atua em Itarantim de forma irregular ignorando lei municipal"},"content":{"rendered":"<h4>Uma empresa de minera\u00e7\u00e3o que realiza pesquisas no munic\u00edpio de Itarantim tem atuado de forma irregular, contando com o aval da Secretaria Municipal de Meio Ambiente, informou advogado em audi\u00eancia p\u00fablica.<\/h4>\n<h4>Segundo o advogado Joaci Cunha, do Centro de Estudos e A\u00e7\u00e3o Social (CEAS), a empresa n\u00e3o possui a devida autoriza\u00e7\u00e3o legal do INEMA para realizar pesquisas minerais no territ\u00f3rio de Itarantim. Joaci afirmou, ainda, que a atividade ocorre \u00e0 revelia de uma lei municipal j\u00e1 aprovada, a qual a Secretaria de Meio Ambiente e o Conselho Municipal de Meio Ambiente \u2014 \u00f3rg\u00e3os que deveriam atuar como fiscalizadores \u2014 alegam desconhecer.<\/h4>\n<h4>Durante audi\u00eancia p\u00fablica, representantes da empresa defenderam a regularidade de seus trabalhos. No entanto, o advogado reiterou que a empresa carece de documentos de licenciamento essenciais para operar no territ\u00f3rio de Itarantim, o que configura a irregularidade.<\/h4>\n<h4>Devido a diversos protestos realizados por moradores da zona rural contra a atua\u00e7\u00e3o da empresa e diante das irregularidades apontadas, as atividades da mineradora encontram-se suspensas.<\/h4>\n<p><iframe loading=\"lazy\" title=\"Secretaria de meio ambiente \u00e9 acusada de omiss\u00e3o em documentos de licen\u00e7a ambiental \" width=\"1200\" height=\"675\" src=\"https:\/\/www.youtube.com\/embed\/IyMfI538zCI?feature=oembed\" frameborder=\"0\" allow=\"accelerometer; autoplay; clipboard-write; encrypted-media; gyroscope; picture-in-picture; web-share\" referrerpolicy=\"strict-origin-when-cross-origin\" allowfullscreen><\/iframe><\/p>\n","protected":false},"excerpt":{"rendered":"<p>Uma empresa de minera\u00e7\u00e3o que realiza pesquisas no munic\u00edpio de Itarantim tem atuado de forma irregular, contando com o aval da Secretaria Municipal de Meio Ambiente, informou advogado em audi\u00eancia p\u00fablica. Segundo o advogado Joaci Cunha, do Centro de Estudos e A\u00e7\u00e3o Social (CEAS), a empresa n\u00e3o possui a devida autoriza\u00e7\u00e3o legal do INEMA para realizar pesquisas minerais no territ\u00f3rio de Itarantim. Joaci afirmou, ainda, que a atividade ocorre \u00e0 revelia de uma lei municipal j\u00e1 aprovada, a qual a Secretaria de Meio Ambiente e o Conselho Municipal de Meio Ambiente \u2014 \u00f3rg\u00e3os que deveriam atuar como fiscalizadores \u2014 alegam [&hellip;]<\/p>\n","protected":false},"author":4,"featured_media":180171,"comment_status":"open","ping_status":"open","sticky":false,"template":"","format":"standard","meta":[],"categories":[362],"tags":[],"_links":{"self":[{"href":"https:\/\/www.cronicasdeitarantim.com.br\/v1\/wp-json\/wp\/v2\/posts\/180185"}],"collection":[{"href":"https:\/\/www.cronicasdeitarantim.com.br\/v1\/wp-json\/wp\/v2\/posts"}],"about":[{"href":"https:\/\/www.cronicasdeitarantim.com.br\/v1\/wp-json\/wp\/v2\/types\/post"}],"author":[{"embeddable":true,"href":"https:\/\/www.cronicasdeitarantim.com.br\/v1\/wp-json\/wp\/v2\/users\/4"}],"replies":[{"embeddable":true,"href":"https:\/\/www.cronicasdeitarantim.com.br\/v1\/wp-json\/wp\/v2\/comments?post=180185"}],"version-history":[{"count":2,"href":"https:\/\/www.cronicasdeitarantim.com.br\/v1\/wp-json\/wp\/v2\/posts\/180185\/revisions"}],"predecessor-version":[{"id":180187,"href":"https:\/\/www.cronicasdeitarantim.com.br\/v1\/wp-json\/wp\/v2\/posts\/180185\/revisions\/180187"}],"wp:featuredmedia":[{"embeddable":true,"href":"https:\/\/www.cronicasdeitarantim.com.br\/v1\/wp-json\/wp\/v2\/media\/180171"}],"wp:attachment":[{"href":"https:\/\/www.cronicasdeitarantim.com.br\/v1\/wp-json\/wp\/v2\/media?parent=180185"}],"wp:term":[{"taxonomy":"category","embeddable":true,"href":"https:\/\/www.cronicasdeitarantim.com.br\/v1\/wp-json\/wp\/v2\/categories?post=180185"},{"taxonomy":"post_tag","embeddable":true,"href":"https:\/\/www.cronicasdeitarantim.com.br\/v1\/wp-json\/wp\/v2\/tags?post=180185"}],"curies":[{"name":"wp","href":"https:\/\/api.w.org\/{rel}","templated":true}]}}