{"id":180183,"date":"2026-04-30T15:08:46","date_gmt":"2026-04-30T18:08:46","guid":{"rendered":"https:\/\/www.cronicasdeitarantim.com.br\/v1\/?p=180183"},"modified":"2026-04-30T15:08:46","modified_gmt":"2026-04-30T18:08:46","slug":"meio-ambiente-as-contradicoes-da-secretaria-de-meio-ambiente-de-itarantim-que-foi-acusada-de-irregularidade-em-audiencia-publica","status":"publish","type":"post","link":"https:\/\/www.cronicasdeitarantim.com.br\/v1\/2026\/04\/30\/meio-ambiente-as-contradicoes-da-secretaria-de-meio-ambiente-de-itarantim-que-foi-acusada-de-irregularidade-em-audiencia-publica\/","title":{"rendered":"Meio ambiente: As contradi\u00e7\u00f5es da Secretaria de meio Ambiente de Itarantim que foi acusada de irregularidade em audi\u00eancia p\u00fablica"},"content":{"rendered":"<h4>A Secretaria de Meio Ambiente de Itarantim, gerida por Robinho Dantas, enfrentou acusa\u00e7\u00f5es de irregularidades na emiss\u00e3o de licen\u00e7as ambientais para uma empresa que realiza pesquisa mineral no munic\u00edpio.<\/h4>\n<h4>A den\u00fancia foi feita por Joaci Cunha, advogado do Centro de Estudos e A\u00e7\u00e3o Social (Ceas) em uma audi\u00eancia p\u00fablica realizada na noite desta quarta-feira, 29 de abril. Segundo o jurista, a empresa em quest\u00e3o n\u00e3o possui a documenta\u00e7\u00e3o necess\u00e1ria para operar na regi\u00e3o.<\/h4>\n<h4>O posicionamento do advogado causou impacto entre os presentes, colocando em xeque a atua\u00e7\u00e3o do secret\u00e1rio, especialmente por conta da recente aprova\u00e7\u00e3o de uma Lei de Iniciativa Popular que pro\u00edbe a minera\u00e7\u00e3o em \u00e1reas sens\u00edveis, como serras e fontes de \u00e1gua de Itarantim.<\/h4>\n<h4>O caso ganha contornos de pol\u00eamica, uma vez que o pr\u00f3prio secret\u00e1rio de Meio Ambiente participou, anteriormente, de articula\u00e7\u00f5es para a coleta de assinaturas que viabilizaram a aprova\u00e7\u00e3o dessa lei na C\u00e2mara de Vereadores. Devido a esse hist\u00f3rico, parte da popula\u00e7\u00e3o presente na audi\u00eancia p\u00fablica estranhou a postura atual do secret\u00e1rio, afirmando que ele agiu mais como um defensor da empresa do que como um gestor p\u00fablico que cuida da pasta ambiental.<\/h4>\n<h4>Em sua fala, Joaci Cunha ressaltou que as legisla\u00e7\u00f5es federal e estadual de crimes ambientais preveem puni\u00e7\u00f5es severas para agentes p\u00fablicos que concedem autoriza\u00e7\u00f5es em desacordo com as normas vigentes, seja por a\u00e7\u00e3o ou omiss\u00e3o. O advogado questionou como a Secretaria e sua equipe t\u00e9cnica puderam autorizar as atividades sem a devida regularidade documental junto a \u00f3rg\u00e3os como o Inema.<\/h4>\n<h4>Confira, a seguir, a \u00edntegra das declara\u00e7\u00f5es do advogado Joaci Cunha e do secret\u00e1rio de Meio Ambiente, Robson Dantas.<\/h4>\n<p><iframe loading=\"lazy\" title=\"Secretaria de meio ambiente \u00e9 acusada de omiss\u00e3o em documentos de licen\u00e7a ambiental \" width=\"1200\" height=\"675\" src=\"https:\/\/www.youtube.com\/embed\/IyMfI538zCI?feature=oembed\" frameborder=\"0\" allow=\"accelerometer; autoplay; clipboard-write; encrypted-media; gyroscope; picture-in-picture; web-share\" referrerpolicy=\"strict-origin-when-cross-origin\" allowfullscreen><\/iframe><\/p>\n<p><iframe loading=\"lazy\" title=\"Secret\u00e1rio de meio ambiente em audi\u00eancia p\u00fablica sobre acusa\u00e7\u00e3o de sua secretaria\" width=\"1200\" height=\"675\" src=\"https:\/\/www.youtube.com\/embed\/8vz3S01oQpc?feature=oembed\" frameborder=\"0\" allow=\"accelerometer; autoplay; clipboard-write; encrypted-media; gyroscope; picture-in-picture; web-share\" referrerpolicy=\"strict-origin-when-cross-origin\" allowfullscreen><\/iframe><\/p>\n","protected":false},"excerpt":{"rendered":"<p>A Secretaria de Meio Ambiente de Itarantim, gerida por Robinho Dantas, enfrentou acusa\u00e7\u00f5es de irregularidades na emiss\u00e3o de licen\u00e7as ambientais para uma empresa que realiza pesquisa mineral no munic\u00edpio. A den\u00fancia foi feita por Joaci Cunha, advogado do Centro de Estudos e A\u00e7\u00e3o Social (Ceas) em uma audi\u00eancia p\u00fablica realizada na noite desta quarta-feira, 29 de abril. Segundo o jurista, a empresa em quest\u00e3o n\u00e3o possui a documenta\u00e7\u00e3o necess\u00e1ria para operar na regi\u00e3o. O posicionamento do advogado causou impacto entre os presentes, colocando em xeque a atua\u00e7\u00e3o do secret\u00e1rio, especialmente por conta da recente aprova\u00e7\u00e3o de uma Lei de Iniciativa [&hellip;]<\/p>\n","protected":false},"author":4,"featured_media":180143,"comment_status":"open","ping_status":"open","sticky":false,"template":"","format":"standard","meta":[],"categories":[362],"tags":[],"_links":{"self":[{"href":"https:\/\/www.cronicasdeitarantim.com.br\/v1\/wp-json\/wp\/v2\/posts\/180183"}],"collection":[{"href":"https:\/\/www.cronicasdeitarantim.com.br\/v1\/wp-json\/wp\/v2\/posts"}],"about":[{"href":"https:\/\/www.cronicasdeitarantim.com.br\/v1\/wp-json\/wp\/v2\/types\/post"}],"author":[{"embeddable":true,"href":"https:\/\/www.cronicasdeitarantim.com.br\/v1\/wp-json\/wp\/v2\/users\/4"}],"replies":[{"embeddable":true,"href":"https:\/\/www.cronicasdeitarantim.com.br\/v1\/wp-json\/wp\/v2\/comments?post=180183"}],"version-history":[{"count":1,"href":"https:\/\/www.cronicasdeitarantim.com.br\/v1\/wp-json\/wp\/v2\/posts\/180183\/revisions"}],"predecessor-version":[{"id":180184,"href":"https:\/\/www.cronicasdeitarantim.com.br\/v1\/wp-json\/wp\/v2\/posts\/180183\/revisions\/180184"}],"wp:featuredmedia":[{"embeddable":true,"href":"https:\/\/www.cronicasdeitarantim.com.br\/v1\/wp-json\/wp\/v2\/media\/180143"}],"wp:attachment":[{"href":"https:\/\/www.cronicasdeitarantim.com.br\/v1\/wp-json\/wp\/v2\/media?parent=180183"}],"wp:term":[{"taxonomy":"category","embeddable":true,"href":"https:\/\/www.cronicasdeitarantim.com.br\/v1\/wp-json\/wp\/v2\/categories?post=180183"},{"taxonomy":"post_tag","embeddable":true,"href":"https:\/\/www.cronicasdeitarantim.com.br\/v1\/wp-json\/wp\/v2\/tags?post=180183"}],"curies":[{"name":"wp","href":"https:\/\/api.w.org\/{rel}","templated":true}]}}