{"id":180081,"date":"2026-04-30T11:24:12","date_gmt":"2026-04-30T14:24:12","guid":{"rendered":"https:\/\/www.cronicasdeitarantim.com.br\/v1\/?p=180081"},"modified":"2026-04-30T11:24:12","modified_gmt":"2026-04-30T14:24:12","slug":"eleicao-2026-47-dos-eleitores-baianos-querem-governador-aliado-de-lula-e-16-de-bolsonaro","status":"publish","type":"post","link":"https:\/\/www.cronicasdeitarantim.com.br\/v1\/2026\/04\/30\/eleicao-2026-47-dos-eleitores-baianos-querem-governador-aliado-de-lula-e-16-de-bolsonaro\/","title":{"rendered":"Elei\u00e7\u00e3o 2026: 47% dos eleitores baianos querem governador aliado de Lula e 16% de Bolsonaro"},"content":{"rendered":"<div class=\"styles__Body-sc-1ffquwr-7 ePhtZb\">\n<h4>Um levantamento da Quaest divulgado na ter\u00e7a-feira (28) mostra que a\u00a0maioria dos eleitores baianos est\u00e3o\u00a0alinhados\u00a0ao presidente Luiz In\u00e1cio Lula da Silva na disputa pelo governo do estado. De acordo com a pesquisa, 47% dos entrevistados afirmam querer que o pr\u00f3ximo governador seja aliado do petista.<\/h4>\n<h4>Outros 32% disseram preferir um gestor independente, sem alinhamento direto com o governo federal, enquanto 16% apontaram prefer\u00eancia por um nome ligado ao ex-presidente Jair Bolsonaro. Ainda h\u00e1 5% que n\u00e3o souberam ou n\u00e3o responderam.<\/h4>\n<h4>Este \u00e9 o primeiro levantamento da Quaest em 2026 sobre a corrida ao Pal\u00e1cio de Ondina. A pesquisa foi encomendada pela Genial Investimentos e ouviu 1.200 eleitores na Bahia entre os dias 23 e 27 de abril.<\/h4>\n<h4>A margem de erro \u00e9 de tr\u00eas pontos percentuais, para mais ou para menos, com n\u00edvel de confian\u00e7a de 95%. O estudo est\u00e1 registrado no Tribunal Superior Eleitoral (TSE) sob o n\u00famero BA-03657\/2026.<\/h4>\n<\/div>\n","protected":false},"excerpt":{"rendered":"<p>Um levantamento da Quaest divulgado na ter\u00e7a-feira (28) mostra que a\u00a0maioria dos eleitores baianos est\u00e3o\u00a0alinhados\u00a0ao presidente Luiz In\u00e1cio Lula da Silva na disputa pelo governo do estado. De acordo com a pesquisa, 47% dos entrevistados afirmam querer que o pr\u00f3ximo governador seja aliado do petista. Outros 32% disseram preferir um gestor independente, sem alinhamento direto com o governo federal, enquanto 16% apontaram prefer\u00eancia por um nome ligado ao ex-presidente Jair Bolsonaro. Ainda h\u00e1 5% que n\u00e3o souberam ou n\u00e3o responderam. Este \u00e9 o primeiro levantamento da Quaest em 2026 sobre a corrida ao Pal\u00e1cio de Ondina. A pesquisa foi encomendada [&hellip;]<\/p>\n","protected":false},"author":4,"featured_media":180082,"comment_status":"open","ping_status":"open","sticky":false,"template":"","format":"standard","meta":[],"categories":[304],"tags":[],"_links":{"self":[{"href":"https:\/\/www.cronicasdeitarantim.com.br\/v1\/wp-json\/wp\/v2\/posts\/180081"}],"collection":[{"href":"https:\/\/www.cronicasdeitarantim.com.br\/v1\/wp-json\/wp\/v2\/posts"}],"about":[{"href":"https:\/\/www.cronicasdeitarantim.com.br\/v1\/wp-json\/wp\/v2\/types\/post"}],"author":[{"embeddable":true,"href":"https:\/\/www.cronicasdeitarantim.com.br\/v1\/wp-json\/wp\/v2\/users\/4"}],"replies":[{"embeddable":true,"href":"https:\/\/www.cronicasdeitarantim.com.br\/v1\/wp-json\/wp\/v2\/comments?post=180081"}],"version-history":[{"count":1,"href":"https:\/\/www.cronicasdeitarantim.com.br\/v1\/wp-json\/wp\/v2\/posts\/180081\/revisions"}],"predecessor-version":[{"id":180083,"href":"https:\/\/www.cronicasdeitarantim.com.br\/v1\/wp-json\/wp\/v2\/posts\/180081\/revisions\/180083"}],"wp:featuredmedia":[{"embeddable":true,"href":"https:\/\/www.cronicasdeitarantim.com.br\/v1\/wp-json\/wp\/v2\/media\/180082"}],"wp:attachment":[{"href":"https:\/\/www.cronicasdeitarantim.com.br\/v1\/wp-json\/wp\/v2\/media?parent=180081"}],"wp:term":[{"taxonomy":"category","embeddable":true,"href":"https:\/\/www.cronicasdeitarantim.com.br\/v1\/wp-json\/wp\/v2\/categories?post=180081"},{"taxonomy":"post_tag","embeddable":true,"href":"https:\/\/www.cronicasdeitarantim.com.br\/v1\/wp-json\/wp\/v2\/tags?post=180081"}],"curies":[{"name":"wp","href":"https:\/\/api.w.org\/{rel}","templated":true}]}}