{"id":180078,"date":"2026-04-29T16:42:37","date_gmt":"2026-04-29T19:42:37","guid":{"rendered":"https:\/\/www.cronicasdeitarantim.com.br\/v1\/?p=180078"},"modified":"2026-04-29T16:48:14","modified_gmt":"2026-04-29T19:48:14","slug":"moradores-do-distrito-de-estrela-em-jordania-fazem-manifestacao-contra-a-copanor","status":"publish","type":"post","link":"https:\/\/www.cronicasdeitarantim.com.br\/v1\/2026\/04\/29\/moradores-do-distrito-de-estrela-em-jordania-fazem-manifestacao-contra-a-copanor\/","title":{"rendered":"Moradores do distrito de Estrela em Jord\u00e2nia fazem manifesta\u00e7\u00e3o contra a Copanor"},"content":{"rendered":"<p>Moradores do distrito de Estrela, em Jord\u00e2nia, Minas Gerais, realizaram na tarde desta quarta-feira , 29 de abril, um protesto queimando pneus contra a empresa, Copanor, respons\u00e1vel pelo abastecimento de \u00e1gua no distrito.<\/p>\n<p>A Copanor, segundo moradores para a reda\u00e7\u00e3o do portal Cr\u00f4nicas de Itarantim, vem causando transtornos aos moradores por conta da p\u00e9ssima qualidade da \u00e1gua que ele vem servindo.<\/p>\n<p>Informa\u00e7\u00f5es anteriores colhidas pelo Portal indicam que, devido \u00e0 p\u00e9ssima qualidade da \u00e1gua que a empresa vem servindo, os moradores deixaram de pagar os tal\u00f5es. Com isso, a empresa realizou alguns cortes, deixando o distrito sem \u00e1gua em algumas casas.<\/p>\n<p>Esta semana, a Prefeitura Municipal de Jord\u00e2nia atrav\u00e9s do prefeito Maxuel Bomfim, interveio na situa\u00e7\u00e3o e decretou estado de emerg\u00eancia no distrito.<\/p>\n<p>O decreto da Prefeitura fala da responsabilidade da empresa em rela\u00e7\u00e3o ao distrito, que n\u00e3o foi cumprida, e da p\u00e9ssima qualidade da \u00e1gua servida.<\/p>\n<p>J\u00e1 nesta tarde, segundo as informa\u00e7\u00f5es colhidas por nossa reportagem, representantes da empresa est\u00e3o no distrito, juntamente com representantes do governo municipal, para encontrar uma solu\u00e7\u00e3o e resolver o problema da \u00e1gua no distrito.<\/p>\n<p>Enquanto isso, revoltados, os moradores realizaram o protesto pedindo uma solu\u00e7\u00e3o e queimaram objetos e pneus em uma das ruas do distrito. Veja v\u00eddeo:<\/p>\n<p><iframe loading=\"lazy\" title=\"Moradores do distrito de Estrela, Jord\u00e2nia Minas Gerais, protestam contra Copanor.\" width=\"563\" height=\"1000\" src=\"https:\/\/www.youtube.com\/embed\/-1G7XG_ZZyc?feature=oembed\" frameborder=\"0\" allow=\"accelerometer; autoplay; clipboard-write; encrypted-media; gyroscope; picture-in-picture; web-share\" referrerpolicy=\"strict-origin-when-cross-origin\" allowfullscreen><\/iframe><\/p>\n","protected":false},"excerpt":{"rendered":"<p>Moradores do distrito de Estrela, em Jord\u00e2nia, Minas Gerais, realizaram na tarde desta quarta-feira , 29 de abril, um protesto queimando pneus contra a empresa, Copanor, respons\u00e1vel pelo abastecimento de \u00e1gua no distrito. A Copanor, segundo moradores para a reda\u00e7\u00e3o do portal Cr\u00f4nicas de Itarantim, vem causando transtornos aos moradores por conta da p\u00e9ssima qualidade da \u00e1gua que ele vem servindo. Informa\u00e7\u00f5es anteriores colhidas pelo Portal indicam que, devido \u00e0 p\u00e9ssima qualidade da \u00e1gua que a empresa vem servindo, os moradores deixaram de pagar os tal\u00f5es. Com isso, a empresa realizou alguns cortes, deixando o distrito sem \u00e1gua em algumas [&hellip;]<\/p>\n","protected":false},"author":4,"featured_media":180079,"comment_status":"open","ping_status":"open","sticky":false,"template":"","format":"standard","meta":[],"categories":[1],"tags":[],"_links":{"self":[{"href":"https:\/\/www.cronicasdeitarantim.com.br\/v1\/wp-json\/wp\/v2\/posts\/180078"}],"collection":[{"href":"https:\/\/www.cronicasdeitarantim.com.br\/v1\/wp-json\/wp\/v2\/posts"}],"about":[{"href":"https:\/\/www.cronicasdeitarantim.com.br\/v1\/wp-json\/wp\/v2\/types\/post"}],"author":[{"embeddable":true,"href":"https:\/\/www.cronicasdeitarantim.com.br\/v1\/wp-json\/wp\/v2\/users\/4"}],"replies":[{"embeddable":true,"href":"https:\/\/www.cronicasdeitarantim.com.br\/v1\/wp-json\/wp\/v2\/comments?post=180078"}],"version-history":[{"count":1,"href":"https:\/\/www.cronicasdeitarantim.com.br\/v1\/wp-json\/wp\/v2\/posts\/180078\/revisions"}],"predecessor-version":[{"id":180080,"href":"https:\/\/www.cronicasdeitarantim.com.br\/v1\/wp-json\/wp\/v2\/posts\/180078\/revisions\/180080"}],"wp:featuredmedia":[{"embeddable":true,"href":"https:\/\/www.cronicasdeitarantim.com.br\/v1\/wp-json\/wp\/v2\/media\/180079"}],"wp:attachment":[{"href":"https:\/\/www.cronicasdeitarantim.com.br\/v1\/wp-json\/wp\/v2\/media?parent=180078"}],"wp:term":[{"taxonomy":"category","embeddable":true,"href":"https:\/\/www.cronicasdeitarantim.com.br\/v1\/wp-json\/wp\/v2\/categories?post=180078"},{"taxonomy":"post_tag","embeddable":true,"href":"https:\/\/www.cronicasdeitarantim.com.br\/v1\/wp-json\/wp\/v2\/tags?post=180078"}],"curies":[{"name":"wp","href":"https:\/\/api.w.org\/{rel}","templated":true}]}}