{"id":180074,"date":"2026-04-29T11:25:29","date_gmt":"2026-04-29T14:25:29","guid":{"rendered":"https:\/\/www.cronicasdeitarantim.com.br\/v1\/?p=180074"},"modified":"2026-04-29T11:34:36","modified_gmt":"2026-04-29T14:34:36","slug":"audiencia-publica-debate-mineracao-e-impactos-ambientais-em-itarantim-nesta-quarta-feira-29","status":"publish","type":"post","link":"https:\/\/www.cronicasdeitarantim.com.br\/v1\/2026\/04\/29\/audiencia-publica-debate-mineracao-e-impactos-ambientais-em-itarantim-nesta-quarta-feira-29\/","title":{"rendered":"Audi\u00eancia p\u00fablica debate minera\u00e7\u00e3o e impactos ambientais em Itarantim nesta quarta-feira (29)"},"content":{"rendered":"<h4>A rela\u00e7\u00e3o entre minera\u00e7\u00e3o e meio ambiente ser\u00e1 o tema de uma audi\u00eancia p\u00fablica realizada na noite desta quarta-feira, 29 de abril, na C\u00e2mara de Vereadores de Itarantim. O evento tem in\u00edcio previsto para as 19h.<\/h4>\n<h4>O encontro tem como objetivo debater a preserva\u00e7\u00e3o das \u00e1guas do munic\u00edpio e a prote\u00e7\u00e3o de terras voltadas \u00e0 produ\u00e7\u00e3o de alimentos, \u00e1reas que t\u00eam sido alvo de pesquisas por parte de empresas do setor de min\u00e9rio.<\/h4>\n<h4>A discuss\u00e3o ganha urg\u00eancia diante de den\u00fancias sobre o descumprimento de uma lei no munic\u00edpio, de Iniciativa Popular aprovada recentemente pelos vereadores e sancionada pelo prefeito municipal. A norma estabelece zonas de restri\u00e7\u00e3o onde a pesquisa e a explora\u00e7\u00e3o mineral s\u00e3o proibidas, mas, segundo relatos de moradores, as empresas estariam ignorando as delimita\u00e7\u00f5es legais.<\/h4>\n<h4>Espera-se a presen\u00e7a de autoridades locais e de representantes das comunidades rurais, que j\u00e1 sofrem os impactos diretos das atividades de pesquisa na regi\u00e3o. A audi\u00eancia \u00e9 organizada por associa\u00e7\u00f5es comunit\u00e1rias, Centro de Estudo e A\u00e7\u00e3o Social (Ceas), MAM e Rio Pardo Vivo.<\/h4>\n","protected":false},"excerpt":{"rendered":"<p>A rela\u00e7\u00e3o entre minera\u00e7\u00e3o e meio ambiente ser\u00e1 o tema de uma audi\u00eancia p\u00fablica realizada na noite desta quarta-feira, 29 de abril, na C\u00e2mara de Vereadores de Itarantim. O evento tem in\u00edcio previsto para as 19h. O encontro tem como objetivo debater a preserva\u00e7\u00e3o das \u00e1guas do munic\u00edpio e a prote\u00e7\u00e3o de terras voltadas \u00e0 produ\u00e7\u00e3o de alimentos, \u00e1reas que t\u00eam sido alvo de pesquisas por parte de empresas do setor de min\u00e9rio. A discuss\u00e3o ganha urg\u00eancia diante de den\u00fancias sobre o descumprimento de uma lei no munic\u00edpio, de Iniciativa Popular aprovada recentemente pelos vereadores e sancionada pelo prefeito municipal. [&hellip;]<\/p>\n","protected":false},"author":4,"featured_media":180073,"comment_status":"open","ping_status":"open","sticky":false,"template":"","format":"standard","meta":[],"categories":[362],"tags":[],"_links":{"self":[{"href":"https:\/\/www.cronicasdeitarantim.com.br\/v1\/wp-json\/wp\/v2\/posts\/180074"}],"collection":[{"href":"https:\/\/www.cronicasdeitarantim.com.br\/v1\/wp-json\/wp\/v2\/posts"}],"about":[{"href":"https:\/\/www.cronicasdeitarantim.com.br\/v1\/wp-json\/wp\/v2\/types\/post"}],"author":[{"embeddable":true,"href":"https:\/\/www.cronicasdeitarantim.com.br\/v1\/wp-json\/wp\/v2\/users\/4"}],"replies":[{"embeddable":true,"href":"https:\/\/www.cronicasdeitarantim.com.br\/v1\/wp-json\/wp\/v2\/comments?post=180074"}],"version-history":[{"count":3,"href":"https:\/\/www.cronicasdeitarantim.com.br\/v1\/wp-json\/wp\/v2\/posts\/180074\/revisions"}],"predecessor-version":[{"id":180077,"href":"https:\/\/www.cronicasdeitarantim.com.br\/v1\/wp-json\/wp\/v2\/posts\/180074\/revisions\/180077"}],"wp:featuredmedia":[{"embeddable":true,"href":"https:\/\/www.cronicasdeitarantim.com.br\/v1\/wp-json\/wp\/v2\/media\/180073"}],"wp:attachment":[{"href":"https:\/\/www.cronicasdeitarantim.com.br\/v1\/wp-json\/wp\/v2\/media?parent=180074"}],"wp:term":[{"taxonomy":"category","embeddable":true,"href":"https:\/\/www.cronicasdeitarantim.com.br\/v1\/wp-json\/wp\/v2\/categories?post=180074"},{"taxonomy":"post_tag","embeddable":true,"href":"https:\/\/www.cronicasdeitarantim.com.br\/v1\/wp-json\/wp\/v2\/tags?post=180074"}],"curies":[{"name":"wp","href":"https:\/\/api.w.org\/{rel}","templated":true}]}}