{"id":180071,"date":"2026-04-29T00:08:45","date_gmt":"2026-04-29T03:08:45","guid":{"rendered":"https:\/\/www.cronicasdeitarantim.com.br\/v1\/?p=180071"},"modified":"2026-04-29T00:08:45","modified_gmt":"2026-04-29T03:08:45","slug":"fogo-amigo-e-toma-indireta-do-vereador-mauro-sergio-sera-que-foi-para-quem","status":"publish","type":"post","link":"https:\/\/www.cronicasdeitarantim.com.br\/v1\/2026\/04\/29\/fogo-amigo-e-toma-indireta-do-vereador-mauro-sergio-sera-que-foi-para-quem\/","title":{"rendered":"Fogo Amigo! E toma indireta do vereador Mauro S\u00e9rgio, ser\u00e1 que foi para quem?"},"content":{"rendered":"<h3>&#8220;Fogo amigo&#8221; ou apenas uma provoca\u00e7\u00e3o? O vereador Mauro S\u00e9rgio causou alvoro\u00e7o na C\u00e2mara ao disparar uma indireta \u2014 que muitos interpretaram como um recado direto \u2014 a um colega de parlamento, atraindo todos os olhares para o plen\u00e1rio.<\/h3>\n<h3>Durante seu discurso, o vereador relatou o descaso com as condi\u00e7\u00f5es de sua rua, refor\u00e7ando que tem cobrado solu\u00e7\u00f5es h\u00e1 tempos, sem sucesso.<\/h3>\n<h3>Em determinado momento, ele subiu o tom e ironizou: afirmou estar &#8220;feliz&#8221; pelo fato de, ver vereador chegar \u00e0s sess\u00f5es trazendo not\u00edcias sobre o prefeito, sugerindo uma postura de bajula\u00e7\u00e3o ou excesso de foco na gest\u00e3o municipal em vez das demandas da popula\u00e7\u00e3o. Veja fala do vereador:<\/h3>\n<p><iframe loading=\"lazy\" title=\"Fogo amigo! Indireta do vereador Mauro S\u00e9rgio bota um fogo no parquinho\" width=\"563\" height=\"1000\" src=\"https:\/\/www.youtube.com\/embed\/A0IS4fuPAZA?feature=oembed\" frameborder=\"0\" allow=\"accelerometer; autoplay; clipboard-write; encrypted-media; gyroscope; picture-in-picture; web-share\" referrerpolicy=\"strict-origin-when-cross-origin\" allowfullscreen><\/iframe><\/p>\n","protected":false},"excerpt":{"rendered":"<p>&#8220;Fogo amigo&#8221; ou apenas uma provoca\u00e7\u00e3o? O vereador Mauro S\u00e9rgio causou alvoro\u00e7o na C\u00e2mara ao disparar uma indireta \u2014 que muitos interpretaram como um recado direto \u2014 a um colega de parlamento, atraindo todos os olhares para o plen\u00e1rio. Durante seu discurso, o vereador relatou o descaso com as condi\u00e7\u00f5es de sua rua, refor\u00e7ando que tem cobrado solu\u00e7\u00f5es h\u00e1 tempos, sem sucesso. Em determinado momento, ele subiu o tom e ironizou: afirmou estar &#8220;feliz&#8221; pelo fato de, ver vereador chegar \u00e0s sess\u00f5es trazendo not\u00edcias sobre o prefeito, sugerindo uma postura de bajula\u00e7\u00e3o ou excesso de foco na gest\u00e3o municipal em [&hellip;]<\/p>\n","protected":false},"author":4,"featured_media":180067,"comment_status":"open","ping_status":"open","sticky":false,"template":"","format":"standard","meta":[],"categories":[304],"tags":[],"_links":{"self":[{"href":"https:\/\/www.cronicasdeitarantim.com.br\/v1\/wp-json\/wp\/v2\/posts\/180071"}],"collection":[{"href":"https:\/\/www.cronicasdeitarantim.com.br\/v1\/wp-json\/wp\/v2\/posts"}],"about":[{"href":"https:\/\/www.cronicasdeitarantim.com.br\/v1\/wp-json\/wp\/v2\/types\/post"}],"author":[{"embeddable":true,"href":"https:\/\/www.cronicasdeitarantim.com.br\/v1\/wp-json\/wp\/v2\/users\/4"}],"replies":[{"embeddable":true,"href":"https:\/\/www.cronicasdeitarantim.com.br\/v1\/wp-json\/wp\/v2\/comments?post=180071"}],"version-history":[{"count":1,"href":"https:\/\/www.cronicasdeitarantim.com.br\/v1\/wp-json\/wp\/v2\/posts\/180071\/revisions"}],"predecessor-version":[{"id":180072,"href":"https:\/\/www.cronicasdeitarantim.com.br\/v1\/wp-json\/wp\/v2\/posts\/180071\/revisions\/180072"}],"wp:featuredmedia":[{"embeddable":true,"href":"https:\/\/www.cronicasdeitarantim.com.br\/v1\/wp-json\/wp\/v2\/media\/180067"}],"wp:attachment":[{"href":"https:\/\/www.cronicasdeitarantim.com.br\/v1\/wp-json\/wp\/v2\/media?parent=180071"}],"wp:term":[{"taxonomy":"category","embeddable":true,"href":"https:\/\/www.cronicasdeitarantim.com.br\/v1\/wp-json\/wp\/v2\/categories?post=180071"},{"taxonomy":"post_tag","embeddable":true,"href":"https:\/\/www.cronicasdeitarantim.com.br\/v1\/wp-json\/wp\/v2\/tags?post=180071"}],"curies":[{"name":"wp","href":"https:\/\/api.w.org\/{rel}","templated":true}]}}