{"id":180068,"date":"2026-04-28T23:41:57","date_gmt":"2026-04-29T02:41:57","guid":{"rendered":"https:\/\/www.cronicasdeitarantim.com.br\/v1\/?p=180068"},"modified":"2026-04-28T23:41:57","modified_gmt":"2026-04-29T02:41:57","slug":"projeto-da-prefeitura-para-dia-do-evangelico-continua-de-r-30-mil-valor-abaixo-do-esperado-pela-organizacao-da-festa","status":"publish","type":"post","link":"https:\/\/www.cronicasdeitarantim.com.br\/v1\/2026\/04\/28\/projeto-da-prefeitura-para-dia-do-evangelico-continua-de-r-30-mil-valor-abaixo-do-esperado-pela-organizacao-da-festa\/","title":{"rendered":"Projeto da Prefeitura para Dia do Evang\u00e9lico continua de R$ 30 mil, valor abaixo do esperado pela organiza\u00e7\u00e3o da festa"},"content":{"rendered":"<h4>Em sess\u00e3o ordin\u00e1ria realizada nesta ter\u00e7a-feira, 28 de abril, a C\u00e2mara de Vereadores de Itarantim aprovou o projeto do Executivo que autoriza o repasse de recursos para a realiza\u00e7\u00e3o da festa do Dia do Evang\u00e9lico no munic\u00edpio.<\/h4>\n<h4>Apesar da aprova\u00e7\u00e3o, o valor destinado pela prefeitura \u2014 mantido em R$ 30 mil \u2014 gerou frustra\u00e7\u00e3o. A expectativa da Associa\u00e7\u00e3o dos Ministros Evang\u00e9licos de Itarantim (AMEI), organizadora do evento, era de um reajuste or\u00e7ament\u00e1rio que realmente pudesse fazer eles sonharem com uma festa maior.<\/h4>\n<h4>Segundo a entidade, a quantia \u00e9 insuficiente para cobrir os custos de uma celebra\u00e7\u00e3o de grande porte, que exige estrutura completa, incluindo palco e a contrata\u00e7\u00e3o de atra\u00e7\u00f5es musicais.<\/h4>\n<h4>O tema dominou o debate durante a sess\u00e3o. A maioria dos vereadores classificou o montante como irris\u00f3rio, destacando o contraste com os valores investidos em outros eventos da cidade. O repasse atual na realidade n\u00e3o seria suficiente sequer para cobrir o cach\u00ea de uma das atra\u00e7\u00f5es que se apresentar\u00e3o na festa oficial de anivers\u00e1rio do munic\u00edpio.<\/h4>\n<h4>Na C\u00e2mara, os vereadores se debru\u00e7aram sobre o assunto e o l\u00edder do governo, o vereador Mauro S\u00e9rgio, usou um argumento pouco convincente sobre o tema do aumento do valor. Confira o que disseram cada vereador:<\/h4>\n<p><iframe loading=\"lazy\" title=\"Prefeitura de Itarantim ir\u00e1 repassar novamente R$ 30 mil para festa do Dia dos Evang\u00e9licos \" width=\"1200\" height=\"675\" src=\"https:\/\/www.youtube.com\/embed\/RQFuHwW5_HU?feature=oembed\" frameborder=\"0\" allow=\"accelerometer; autoplay; clipboard-write; encrypted-media; gyroscope; picture-in-picture; web-share\" referrerpolicy=\"strict-origin-when-cross-origin\" allowfullscreen><\/iframe><\/p>\n<h4><\/h4>\n","protected":false},"excerpt":{"rendered":"<p>Em sess\u00e3o ordin\u00e1ria realizada nesta ter\u00e7a-feira, 28 de abril, a C\u00e2mara de Vereadores de Itarantim aprovou o projeto do Executivo que autoriza o repasse de recursos para a realiza\u00e7\u00e3o da festa do Dia do Evang\u00e9lico no munic\u00edpio. Apesar da aprova\u00e7\u00e3o, o valor destinado pela prefeitura \u2014 mantido em R$ 30 mil \u2014 gerou frustra\u00e7\u00e3o. A expectativa da Associa\u00e7\u00e3o dos Ministros Evang\u00e9licos de Itarantim (AMEI), organizadora do evento, era de um reajuste or\u00e7ament\u00e1rio que realmente pudesse fazer eles sonharem com uma festa maior. Segundo a entidade, a quantia \u00e9 insuficiente para cobrir os custos de uma celebra\u00e7\u00e3o de grande porte, que [&hellip;]<\/p>\n","protected":false},"author":4,"featured_media":180069,"comment_status":"open","ping_status":"open","sticky":false,"template":"","format":"standard","meta":[],"categories":[1],"tags":[],"_links":{"self":[{"href":"https:\/\/www.cronicasdeitarantim.com.br\/v1\/wp-json\/wp\/v2\/posts\/180068"}],"collection":[{"href":"https:\/\/www.cronicasdeitarantim.com.br\/v1\/wp-json\/wp\/v2\/posts"}],"about":[{"href":"https:\/\/www.cronicasdeitarantim.com.br\/v1\/wp-json\/wp\/v2\/types\/post"}],"author":[{"embeddable":true,"href":"https:\/\/www.cronicasdeitarantim.com.br\/v1\/wp-json\/wp\/v2\/users\/4"}],"replies":[{"embeddable":true,"href":"https:\/\/www.cronicasdeitarantim.com.br\/v1\/wp-json\/wp\/v2\/comments?post=180068"}],"version-history":[{"count":1,"href":"https:\/\/www.cronicasdeitarantim.com.br\/v1\/wp-json\/wp\/v2\/posts\/180068\/revisions"}],"predecessor-version":[{"id":180070,"href":"https:\/\/www.cronicasdeitarantim.com.br\/v1\/wp-json\/wp\/v2\/posts\/180068\/revisions\/180070"}],"wp:featuredmedia":[{"embeddable":true,"href":"https:\/\/www.cronicasdeitarantim.com.br\/v1\/wp-json\/wp\/v2\/media\/180069"}],"wp:attachment":[{"href":"https:\/\/www.cronicasdeitarantim.com.br\/v1\/wp-json\/wp\/v2\/media?parent=180068"}],"wp:term":[{"taxonomy":"category","embeddable":true,"href":"https:\/\/www.cronicasdeitarantim.com.br\/v1\/wp-json\/wp\/v2\/categories?post=180068"},{"taxonomy":"post_tag","embeddable":true,"href":"https:\/\/www.cronicasdeitarantim.com.br\/v1\/wp-json\/wp\/v2\/tags?post=180068"}],"curies":[{"name":"wp","href":"https:\/\/api.w.org\/{rel}","templated":true}]}}