{"id":180061,"date":"2026-04-28T16:26:42","date_gmt":"2026-04-28T19:26:42","guid":{"rendered":"https:\/\/www.cronicasdeitarantim.com.br\/v1\/?p=180061"},"modified":"2026-04-28T16:32:54","modified_gmt":"2026-04-28T19:32:54","slug":"filme-minha-querida-alice-do-diretor-baiano-rogerio-sagui-sera-exibido-em-cannes","status":"publish","type":"post","link":"https:\/\/www.cronicasdeitarantim.com.br\/v1\/2026\/04\/28\/filme-minha-querida-alice-do-diretor-baiano-rogerio-sagui-sera-exibido-em-cannes\/","title":{"rendered":"Filme \u201cMinha Querida Alice\u201d, do diretor Baiano Rog\u00e9rio Sagui, ser\u00e1 exibido em Cannes."},"content":{"rendered":"<p>O cinema brasileiro segue ampliando sua presen\u00e7a no cen\u00e1rio global. O longa-metragem Minha Querida Alice, dirigido por Rog\u00e9rio Sagui e protagonizado por Rafa Kalimann, foi selecionado para exibi\u00e7\u00e3o no Festival de Cannes, um dos mais prestigiados eventos da ind\u00fastria audiovisual mundial.<\/p>\n<p>A produ\u00e7\u00e3o integra o programa VDF Showcase, dentro do March\u00e9 du Film, espa\u00e7o estrat\u00e9gico que apresenta oito obras brasileiras em fase de p\u00f3s-produ\u00e7\u00e3o para distribuidores, agentes de vendas e programadores internacionais. A participa\u00e7\u00e3o refor\u00e7a o momento de destaque do audiovisual brasileiro no exterior, consolidando o pa\u00eds como exportador de narrativas potentes e tecnicamente sofisticadas.<\/p>\n<p>Dirigido por Sagui e com roteiro de Samuel Machado e dire\u00e7\u00e3o de Fotografia de Fl\u00e1vio Casesque, o filme \u00e9 um drama psicol\u00f3gico intenso que acompanha a trajet\u00f3ria de Alice, uma professora do interior cuja vida \u00e9 atravessada por traumas, segredos familiares e viol\u00eancia. Ap\u00f3s sobreviver a uma tentativa de feminic\u00eddio e enfrentar o desaparecimento do pai, a protagonista inicia uma jornada de sobreviv\u00eancia e reconstru\u00e7\u00e3o pessoal.<\/p>\n<p>Al\u00e9m de Rafa Kalimann no papel principal, o elenco re\u00fane nomes como Jackson Antunes, Cyria Coentro, Pedro Lamin e Bruno Cabrerizo e Raira Machado.<\/p>\n<p>Produzido pelas empresas brasileiras Kalimann Produ\u00e7\u00f5es e RY Produ\u00e7\u00f5es, Minha Querida Alice aposta em uma narrativa marcada pela tens\u00e3o psicol\u00f3gica e por temas como abuso, sil\u00eancio e supera\u00e7\u00e3o. Segundo o diretor, o filme \u201c\u00e9 sobre uma mulher que encontra for\u00e7as para romper ciclos de viol\u00eancia\u201d.<\/p>\n<p>A estreia nos cinemas brasileiros est\u00e1 prevista para o segundo semestre de 2026, ap\u00f3s sua circula\u00e7\u00e3o internacional.<\/p>\n<p>Com sua presen\u00e7a em Cannes, Minha Querida Alice se posiciona como uma das apostas do cinema nacional contempor\u00e2neo, reafirmando a for\u00e7a das hist\u00f3rias brasileiras no di\u00e1logo com o p\u00fablico global.<\/p>\n<p><a href=\"https:\/\/www.cronicasdeitarantim.com.br\/v1\/wp-content\/uploads\/2026\/04\/1001729750.jpeg\"><img decoding=\"async\" loading=\"lazy\" class=\"alignnone size-full wp-image-180065\" src=\"https:\/\/www.cronicasdeitarantim.com.br\/v1\/wp-content\/uploads\/2026\/04\/1001729750.jpeg\" alt=\"\" width=\"730\" height=\"394\" srcset=\"https:\/\/www.cronicasdeitarantim.com.br\/v1\/wp-content\/uploads\/2026\/04\/1001729750.jpeg 730w, https:\/\/www.cronicasdeitarantim.com.br\/v1\/wp-content\/uploads\/2026\/04\/1001729750-300x162.jpeg 300w, https:\/\/www.cronicasdeitarantim.com.br\/v1\/wp-content\/uploads\/2026\/04\/1001729750-400x216.jpeg 400w\" sizes=\"(max-width: 730px) 100vw, 730px\" \/><\/a><\/p>\n","protected":false},"excerpt":{"rendered":"<p>O cinema brasileiro segue ampliando sua presen\u00e7a no cen\u00e1rio global. O longa-metragem Minha Querida Alice, dirigido por Rog\u00e9rio Sagui e protagonizado por Rafa Kalimann, foi selecionado para exibi\u00e7\u00e3o no Festival de Cannes, um dos mais prestigiados eventos da ind\u00fastria audiovisual mundial. A produ\u00e7\u00e3o integra o programa VDF Showcase, dentro do March\u00e9 du Film, espa\u00e7o estrat\u00e9gico que apresenta oito obras brasileiras em fase de p\u00f3s-produ\u00e7\u00e3o para distribuidores, agentes de vendas e programadores internacionais. A participa\u00e7\u00e3o refor\u00e7a o momento de destaque do audiovisual brasileiro no exterior, consolidando o pa\u00eds como exportador de narrativas potentes e tecnicamente sofisticadas. Dirigido por Sagui e com [&hellip;]<\/p>\n","protected":false},"author":4,"featured_media":180062,"comment_status":"open","ping_status":"open","sticky":false,"template":"","format":"standard","meta":[],"categories":[538],"tags":[69,577,1780,3462],"_links":{"self":[{"href":"https:\/\/www.cronicasdeitarantim.com.br\/v1\/wp-json\/wp\/v2\/posts\/180061"}],"collection":[{"href":"https:\/\/www.cronicasdeitarantim.com.br\/v1\/wp-json\/wp\/v2\/posts"}],"about":[{"href":"https:\/\/www.cronicasdeitarantim.com.br\/v1\/wp-json\/wp\/v2\/types\/post"}],"author":[{"embeddable":true,"href":"https:\/\/www.cronicasdeitarantim.com.br\/v1\/wp-json\/wp\/v2\/users\/4"}],"replies":[{"embeddable":true,"href":"https:\/\/www.cronicasdeitarantim.com.br\/v1\/wp-json\/wp\/v2\/comments?post=180061"}],"version-history":[{"count":3,"href":"https:\/\/www.cronicasdeitarantim.com.br\/v1\/wp-json\/wp\/v2\/posts\/180061\/revisions"}],"predecessor-version":[{"id":180066,"href":"https:\/\/www.cronicasdeitarantim.com.br\/v1\/wp-json\/wp\/v2\/posts\/180061\/revisions\/180066"}],"wp:featuredmedia":[{"embeddable":true,"href":"https:\/\/www.cronicasdeitarantim.com.br\/v1\/wp-json\/wp\/v2\/media\/180062"}],"wp:attachment":[{"href":"https:\/\/www.cronicasdeitarantim.com.br\/v1\/wp-json\/wp\/v2\/media?parent=180061"}],"wp:term":[{"taxonomy":"category","embeddable":true,"href":"https:\/\/www.cronicasdeitarantim.com.br\/v1\/wp-json\/wp\/v2\/categories?post=180061"},{"taxonomy":"post_tag","embeddable":true,"href":"https:\/\/www.cronicasdeitarantim.com.br\/v1\/wp-json\/wp\/v2\/tags?post=180061"}],"curies":[{"name":"wp","href":"https:\/\/api.w.org\/{rel}","templated":true}]}}