{"id":180058,"date":"2026-04-28T12:12:53","date_gmt":"2026-04-28T15:12:53","guid":{"rendered":"https:\/\/www.cronicasdeitarantim.com.br\/v1\/?p=180058"},"modified":"2026-04-28T12:12:53","modified_gmt":"2026-04-28T15:12:53","slug":"prefeitura-de-jordania-decreta-emergencia-no-distrito-de-estrela-devido-a-qualidade-da-agua-servida-pela-copanor","status":"publish","type":"post","link":"https:\/\/www.cronicasdeitarantim.com.br\/v1\/2026\/04\/28\/prefeitura-de-jordania-decreta-emergencia-no-distrito-de-estrela-devido-a-qualidade-da-agua-servida-pela-copanor\/","title":{"rendered":"Prefeitura de Jord\u00e2nia decreta emerg\u00eancia no distrito de Estrela devido \u00e0 qualidade da \u00e1gua servida pela Copanor"},"content":{"rendered":"<h4>A Prefeitura de Jord\u00e2nia, em Minas Gerais, decretou estado de emerg\u00eancia no distrito de Estrela em raz\u00e3o da precariedade da \u00e1gua fornecida pela empresa Copanor. Segundo o decreto municipal, a qualidade do servi\u00e7o oferecido coloca em risco a sa\u00fade p\u00fablica dos moradores.<\/h4>\n<h4>De acordo com relatos de moradores ao portal\u00a0<em>Cr\u00f4nicas de Itarantim<\/em>, a m\u00e1 condi\u00e7\u00e3o da \u00e1gua vinha causando diversos transtornos. Em protesto, parte da popula\u00e7\u00e3o decidiu interromper o pagamento das faturas, o que levou a empresa a realizar cortes no abastecimento, agravando a crise de saneamento na localidade. Diante desse cen\u00e1rio, a Prefeitura optou pela interven\u00e7\u00e3o administrativa de forma imediata.<\/h4>\n<h4>A medida ter\u00e1 dura\u00e7\u00e3o de 180 dias e visa assegurar a presta\u00e7\u00e3o de servi\u00e7os p\u00fablicos de saneamento b\u00e1sico com a qualidade necess\u00e1ria. O decreto prev\u00ea, ainda, a contrata\u00e7\u00e3o em regime de urg\u00eancia de servi\u00e7os t\u00e9cnicos e laboratoriais para analisar a qualidade da \u00e1gua em diversos pontos da rede de distribui\u00e7\u00e3o no distrito.<\/h4>\n<h4>Nesta ter\u00e7a-feira, 28 de abril, uma comitiva liderada pelo prefeito Maxuel Bomfim, acompanhada por representantes da C\u00e2mara de Vereadores, esteve no distrito para averiguar a situa\u00e7\u00e3o no local e buscar solu\u00e7\u00f5es imediatas para as demandas da popula\u00e7\u00e3o.<\/h4>\n","protected":false},"excerpt":{"rendered":"<p>A Prefeitura de Jord\u00e2nia, em Minas Gerais, decretou estado de emerg\u00eancia no distrito de Estrela em raz\u00e3o da precariedade da \u00e1gua fornecida pela empresa Copanor. Segundo o decreto municipal, a qualidade do servi\u00e7o oferecido coloca em risco a sa\u00fade p\u00fablica dos moradores. De acordo com relatos de moradores ao portal\u00a0Cr\u00f4nicas de Itarantim, a m\u00e1 condi\u00e7\u00e3o da \u00e1gua vinha causando diversos transtornos. Em protesto, parte da popula\u00e7\u00e3o decidiu interromper o pagamento das faturas, o que levou a empresa a realizar cortes no abastecimento, agravando a crise de saneamento na localidade. Diante desse cen\u00e1rio, a Prefeitura optou pela interven\u00e7\u00e3o administrativa de forma [&hellip;]<\/p>\n","protected":false},"author":4,"featured_media":180059,"comment_status":"open","ping_status":"open","sticky":false,"template":"","format":"standard","meta":[],"categories":[1],"tags":[],"_links":{"self":[{"href":"https:\/\/www.cronicasdeitarantim.com.br\/v1\/wp-json\/wp\/v2\/posts\/180058"}],"collection":[{"href":"https:\/\/www.cronicasdeitarantim.com.br\/v1\/wp-json\/wp\/v2\/posts"}],"about":[{"href":"https:\/\/www.cronicasdeitarantim.com.br\/v1\/wp-json\/wp\/v2\/types\/post"}],"author":[{"embeddable":true,"href":"https:\/\/www.cronicasdeitarantim.com.br\/v1\/wp-json\/wp\/v2\/users\/4"}],"replies":[{"embeddable":true,"href":"https:\/\/www.cronicasdeitarantim.com.br\/v1\/wp-json\/wp\/v2\/comments?post=180058"}],"version-history":[{"count":1,"href":"https:\/\/www.cronicasdeitarantim.com.br\/v1\/wp-json\/wp\/v2\/posts\/180058\/revisions"}],"predecessor-version":[{"id":180060,"href":"https:\/\/www.cronicasdeitarantim.com.br\/v1\/wp-json\/wp\/v2\/posts\/180058\/revisions\/180060"}],"wp:featuredmedia":[{"embeddable":true,"href":"https:\/\/www.cronicasdeitarantim.com.br\/v1\/wp-json\/wp\/v2\/media\/180059"}],"wp:attachment":[{"href":"https:\/\/www.cronicasdeitarantim.com.br\/v1\/wp-json\/wp\/v2\/media?parent=180058"}],"wp:term":[{"taxonomy":"category","embeddable":true,"href":"https:\/\/www.cronicasdeitarantim.com.br\/v1\/wp-json\/wp\/v2\/categories?post=180058"},{"taxonomy":"post_tag","embeddable":true,"href":"https:\/\/www.cronicasdeitarantim.com.br\/v1\/wp-json\/wp\/v2\/tags?post=180058"}],"curies":[{"name":"wp","href":"https:\/\/api.w.org\/{rel}","templated":true}]}}