{"id":180052,"date":"2026-04-28T02:08:07","date_gmt":"2026-04-28T05:08:07","guid":{"rendered":"https:\/\/www.cronicasdeitarantim.com.br\/v1\/?p=180052"},"modified":"2026-04-28T02:28:22","modified_gmt":"2026-04-28T05:28:22","slug":"abas-e-bahia-sem-fome-celebram-marca-de-20-mil-refeicoes-distribuidas-em-macarani","status":"publish","type":"post","link":"https:\/\/www.cronicasdeitarantim.com.br\/v1\/2026\/04\/28\/abas-e-bahia-sem-fome-celebram-marca-de-20-mil-refeicoes-distribuidas-em-macarani\/","title":{"rendered":"ABAS e Bahia Sem Fome celebram marca de 20 mil refei\u00e7\u00f5es distribu\u00eddas em Macarani"},"content":{"rendered":"<h3>A ABAS atingiu a marca de 20 mil refei\u00e7\u00f5es distribu\u00eddas, refor\u00e7ando seu papel no combate \u00e0 fome e apoio a fam\u00edlias em situa\u00e7\u00e3o de vulnerabilidade. A a\u00e7\u00e3o conta com atua\u00e7\u00e3o em cidades como Macarani.<\/h3>\n<h3>A iniciativa tamb\u00e9m teve a presen\u00e7a de Tiago, Coordenador do Programa Bahia Sem Fome, fortalecendo a parceria e o compromisso com a seguran\u00e7a alimentar no estado da Bahia.<\/h3>\n<h3>O n\u00famero alcan\u00e7ado simboliza o impacto social do projeto e a continuidade das a\u00e7\u00f5es voltadas a quem mais precisa no munic\u00edpio de Macarani.<\/h3>\n<p><a href=\"https:\/\/www.cronicasdeitarantim.com.br\/v1\/wp-content\/uploads\/2026\/04\/683186188_2492098447874055_6854127510206684306_n.jpg\"><img decoding=\"async\" loading=\"lazy\" class=\"alignnone size-full wp-image-180056\" src=\"https:\/\/www.cronicasdeitarantim.com.br\/v1\/wp-content\/uploads\/2026\/04\/683186188_2492098447874055_6854127510206684306_n.jpg\" alt=\"\" width=\"590\" height=\"590\" srcset=\"https:\/\/www.cronicasdeitarantim.com.br\/v1\/wp-content\/uploads\/2026\/04\/683186188_2492098447874055_6854127510206684306_n.jpg 590w, https:\/\/www.cronicasdeitarantim.com.br\/v1\/wp-content\/uploads\/2026\/04\/683186188_2492098447874055_6854127510206684306_n-300x300.jpg 300w, https:\/\/www.cronicasdeitarantim.com.br\/v1\/wp-content\/uploads\/2026\/04\/683186188_2492098447874055_6854127510206684306_n-150x150.jpg 150w, https:\/\/www.cronicasdeitarantim.com.br\/v1\/wp-content\/uploads\/2026\/04\/683186188_2492098447874055_6854127510206684306_n-130x130.jpg 130w, https:\/\/www.cronicasdeitarantim.com.br\/v1\/wp-content\/uploads\/2026\/04\/683186188_2492098447874055_6854127510206684306_n-400x400.jpg 400w\" sizes=\"(max-width: 590px) 100vw, 590px\" \/><\/a><\/p>\n","protected":false},"excerpt":{"rendered":"<p>A ABAS atingiu a marca de 20 mil refei\u00e7\u00f5es distribu\u00eddas, refor\u00e7ando seu papel no combate \u00e0 fome e apoio a fam\u00edlias em situa\u00e7\u00e3o de vulnerabilidade. A a\u00e7\u00e3o conta com atua\u00e7\u00e3o em cidades como Macarani. A iniciativa tamb\u00e9m teve a presen\u00e7a de Tiago, Coordenador do Programa Bahia Sem Fome, fortalecendo a parceria e o compromisso com a seguran\u00e7a alimentar no estado da Bahia. O n\u00famero alcan\u00e7ado simboliza o impacto social do projeto e a continuidade das a\u00e7\u00f5es voltadas a quem mais precisa no munic\u00edpio de Macarani.<\/p>\n","protected":false},"author":4,"featured_media":180053,"comment_status":"open","ping_status":"open","sticky":false,"template":"","format":"standard","meta":[],"categories":[14],"tags":[],"_links":{"self":[{"href":"https:\/\/www.cronicasdeitarantim.com.br\/v1\/wp-json\/wp\/v2\/posts\/180052"}],"collection":[{"href":"https:\/\/www.cronicasdeitarantim.com.br\/v1\/wp-json\/wp\/v2\/posts"}],"about":[{"href":"https:\/\/www.cronicasdeitarantim.com.br\/v1\/wp-json\/wp\/v2\/types\/post"}],"author":[{"embeddable":true,"href":"https:\/\/www.cronicasdeitarantim.com.br\/v1\/wp-json\/wp\/v2\/users\/4"}],"replies":[{"embeddable":true,"href":"https:\/\/www.cronicasdeitarantim.com.br\/v1\/wp-json\/wp\/v2\/comments?post=180052"}],"version-history":[{"count":3,"href":"https:\/\/www.cronicasdeitarantim.com.br\/v1\/wp-json\/wp\/v2\/posts\/180052\/revisions"}],"predecessor-version":[{"id":180057,"href":"https:\/\/www.cronicasdeitarantim.com.br\/v1\/wp-json\/wp\/v2\/posts\/180052\/revisions\/180057"}],"wp:featuredmedia":[{"embeddable":true,"href":"https:\/\/www.cronicasdeitarantim.com.br\/v1\/wp-json\/wp\/v2\/media\/180053"}],"wp:attachment":[{"href":"https:\/\/www.cronicasdeitarantim.com.br\/v1\/wp-json\/wp\/v2\/media?parent=180052"}],"wp:term":[{"taxonomy":"category","embeddable":true,"href":"https:\/\/www.cronicasdeitarantim.com.br\/v1\/wp-json\/wp\/v2\/categories?post=180052"},{"taxonomy":"post_tag","embeddable":true,"href":"https:\/\/www.cronicasdeitarantim.com.br\/v1\/wp-json\/wp\/v2\/tags?post=180052"}],"curies":[{"name":"wp","href":"https:\/\/api.w.org\/{rel}","templated":true}]}}