{"id":180049,"date":"2026-04-27T22:42:45","date_gmt":"2026-04-28T01:42:45","guid":{"rendered":"https:\/\/www.cronicasdeitarantim.com.br\/v1\/?p=180049"},"modified":"2026-04-27T22:42:45","modified_gmt":"2026-04-28T01:42:45","slug":"ministerio-publico-da-bahia-barra-show-de-natanzinho-em-cidade-da-bahia-por-conta-de-cache","status":"publish","type":"post","link":"https:\/\/www.cronicasdeitarantim.com.br\/v1\/2026\/04\/27\/ministerio-publico-da-bahia-barra-show-de-natanzinho-em-cidade-da-bahia-por-conta-de-cache\/","title":{"rendered":"Minist\u00e9rio P\u00fablico da Bahia barra show de Natanzinho em cidade da Bahia por conta de cach\u00ea"},"content":{"rendered":"<h4>O Minist\u00e9rio P\u00fablico da Bahia (MP-BA) recomendou a suspens\u00e3o imediata do contrato firmado pela Prefeitura de Formosa do Rio Preto para a apresenta\u00e7\u00e3o do cantor Natanzinho Lima durante a 40\u00aa Vaquejada do munic\u00edpio. O show est\u00e1 previsto para 28 de maio e foi contratado por R$ 800 mil.<\/h4>\n<h4>A recomenda\u00e7\u00e3o, assinada na \u00faltima quinta-feira, 23 de abril, aponta que o valor pago ao artista ultrapassa os par\u00e2metros de razoabilidade estabelecidos em nota t\u00e9cnica conjunta elaborada pelo MP-BA, Tribunal de Contas do Estado da Bahia e Tribunal de Contas dos Munic\u00edpios da Bahia, que orienta contrata\u00e7\u00f5es art\u00edsticas em eventos p\u00fablicos.<\/h4>\n<h4>De acordo com o \u00f3rg\u00e3o, dados do Painel de Transpar\u00eancia dos Festejos Juninos indicam que a m\u00e9dia das 23 contrata\u00e7\u00f5es do artista por munic\u00edpios baianos em 2025 foi de R$ 604.347,82. Com corre\u00e7\u00e3o pelo IPCA, o valor estimado para 2026 seria de R$ 624.703,60 \u2014 ainda abaixo do cach\u00ea contratado, que representa um acr\u00e9scimo de cerca de 28%.<\/h4>\n<h4>O G1 informou que o MP destaca que contratos acima de R$ 700 mil s\u00e3o considerados de \u201calta materialidade\u201d, exigindo justificativas mais robustas quanto \u00e0 compatibilidade com os pre\u00e7os de mercado e \u00e0 conveni\u00eancia do gasto p\u00fablico.<\/h4>\n","protected":false},"excerpt":{"rendered":"<p>O Minist\u00e9rio P\u00fablico da Bahia (MP-BA) recomendou a suspens\u00e3o imediata do contrato firmado pela Prefeitura de Formosa do Rio Preto para a apresenta\u00e7\u00e3o do cantor Natanzinho Lima durante a 40\u00aa Vaquejada do munic\u00edpio. O show est\u00e1 previsto para 28 de maio e foi contratado por R$ 800 mil. A recomenda\u00e7\u00e3o, assinada na \u00faltima quinta-feira, 23 de abril, aponta que o valor pago ao artista ultrapassa os par\u00e2metros de razoabilidade estabelecidos em nota t\u00e9cnica conjunta elaborada pelo MP-BA, Tribunal de Contas do Estado da Bahia e Tribunal de Contas dos Munic\u00edpios da Bahia, que orienta contrata\u00e7\u00f5es art\u00edsticas em eventos p\u00fablicos. De [&hellip;]<\/p>\n","protected":false},"author":4,"featured_media":180050,"comment_status":"open","ping_status":"open","sticky":false,"template":"","format":"standard","meta":[],"categories":[295],"tags":[],"_links":{"self":[{"href":"https:\/\/www.cronicasdeitarantim.com.br\/v1\/wp-json\/wp\/v2\/posts\/180049"}],"collection":[{"href":"https:\/\/www.cronicasdeitarantim.com.br\/v1\/wp-json\/wp\/v2\/posts"}],"about":[{"href":"https:\/\/www.cronicasdeitarantim.com.br\/v1\/wp-json\/wp\/v2\/types\/post"}],"author":[{"embeddable":true,"href":"https:\/\/www.cronicasdeitarantim.com.br\/v1\/wp-json\/wp\/v2\/users\/4"}],"replies":[{"embeddable":true,"href":"https:\/\/www.cronicasdeitarantim.com.br\/v1\/wp-json\/wp\/v2\/comments?post=180049"}],"version-history":[{"count":1,"href":"https:\/\/www.cronicasdeitarantim.com.br\/v1\/wp-json\/wp\/v2\/posts\/180049\/revisions"}],"predecessor-version":[{"id":180051,"href":"https:\/\/www.cronicasdeitarantim.com.br\/v1\/wp-json\/wp\/v2\/posts\/180049\/revisions\/180051"}],"wp:featuredmedia":[{"embeddable":true,"href":"https:\/\/www.cronicasdeitarantim.com.br\/v1\/wp-json\/wp\/v2\/media\/180050"}],"wp:attachment":[{"href":"https:\/\/www.cronicasdeitarantim.com.br\/v1\/wp-json\/wp\/v2\/media?parent=180049"}],"wp:term":[{"taxonomy":"category","embeddable":true,"href":"https:\/\/www.cronicasdeitarantim.com.br\/v1\/wp-json\/wp\/v2\/categories?post=180049"},{"taxonomy":"post_tag","embeddable":true,"href":"https:\/\/www.cronicasdeitarantim.com.br\/v1\/wp-json\/wp\/v2\/tags?post=180049"}],"curies":[{"name":"wp","href":"https:\/\/api.w.org\/{rel}","templated":true}]}}