{"id":180039,"date":"2026-04-27T18:11:47","date_gmt":"2026-04-27T21:11:47","guid":{"rendered":"https:\/\/www.cronicasdeitarantim.com.br\/v1\/?p=180039"},"modified":"2026-04-27T18:16:37","modified_gmt":"2026-04-27T21:16:37","slug":"estadio-municipal-florindo-dantas-se-tornou-ponto-de-encontro-de-amigos-aos-domingos","status":"publish","type":"post","link":"https:\/\/www.cronicasdeitarantim.com.br\/v1\/2026\/04\/27\/estadio-municipal-florindo-dantas-se-tornou-ponto-de-encontro-de-amigos-aos-domingos\/","title":{"rendered":"Est\u00e1dio Municipal Florindo Dantas se tornou ponto de encontro de amigos aos domingos"},"content":{"rendered":"<h4>O Campeonato Municipal de Itarantim \u00e9 um ponto de encontro entre amigos aos domingos na cidade.<\/h4>\n<h4>Neste domingo, 26 de abril, teve mais uma rodada do campeonato municipal e mais uma vez foi o ponto de encontro dos desportistas que gostam do esporte e torce por suas respectivas equipes.<\/h4>\n<h4>Ex-jogadores, como mostram nas fotos registradas, relembram grandes momentos de campeonatos do passado no est\u00e1dio Florindo Dantas, celebrando o momento de recorda\u00e7\u00e3o entre amigos.<\/h4>\n<h4>Campeonato Municipal de Itarantim ainda est\u00e1 na primeira fase e termina somente no m\u00eas de junho.<\/h4>\n<p><a href=\"https:\/\/www.cronicasdeitarantim.com.br\/v1\/wp-content\/uploads\/2026\/04\/IMG_20260426_162745.jpeg\"><img decoding=\"async\" loading=\"lazy\" class=\"alignnone size-full wp-image-180044\" src=\"https:\/\/www.cronicasdeitarantim.com.br\/v1\/wp-content\/uploads\/2026\/04\/IMG_20260426_162745.jpeg\" alt=\"\" width=\"730\" height=\"329\" srcset=\"https:\/\/www.cronicasdeitarantim.com.br\/v1\/wp-content\/uploads\/2026\/04\/IMG_20260426_162745.jpeg 730w, https:\/\/www.cronicasdeitarantim.com.br\/v1\/wp-content\/uploads\/2026\/04\/IMG_20260426_162745-300x135.jpeg 300w, https:\/\/www.cronicasdeitarantim.com.br\/v1\/wp-content\/uploads\/2026\/04\/IMG_20260426_162745-400x180.jpeg 400w\" sizes=\"(max-width: 730px) 100vw, 730px\" \/><\/a><\/p>\n<p><a href=\"https:\/\/www.cronicasdeitarantim.com.br\/v1\/wp-content\/uploads\/2026\/04\/IMG_20260426_162732.jpeg\"><img decoding=\"async\" loading=\"lazy\" class=\"alignnone size-full wp-image-180043\" src=\"https:\/\/www.cronicasdeitarantim.com.br\/v1\/wp-content\/uploads\/2026\/04\/IMG_20260426_162732.jpeg\" alt=\"\" width=\"730\" height=\"329\" srcset=\"https:\/\/www.cronicasdeitarantim.com.br\/v1\/wp-content\/uploads\/2026\/04\/IMG_20260426_162732.jpeg 730w, https:\/\/www.cronicasdeitarantim.com.br\/v1\/wp-content\/uploads\/2026\/04\/IMG_20260426_162732-300x135.jpeg 300w, https:\/\/www.cronicasdeitarantim.com.br\/v1\/wp-content\/uploads\/2026\/04\/IMG_20260426_162732-400x180.jpeg 400w\" sizes=\"(max-width: 730px) 100vw, 730px\" \/><\/a><\/p>\n<p><a href=\"https:\/\/www.cronicasdeitarantim.com.br\/v1\/wp-content\/uploads\/2026\/04\/IMG-20260426-WA0573.jpeg\"><img decoding=\"async\" loading=\"lazy\" class=\"alignnone size-full wp-image-180041\" src=\"https:\/\/www.cronicasdeitarantim.com.br\/v1\/wp-content\/uploads\/2026\/04\/IMG-20260426-WA0573.jpeg\" alt=\"\" width=\"730\" height=\"411\" srcset=\"https:\/\/www.cronicasdeitarantim.com.br\/v1\/wp-content\/uploads\/2026\/04\/IMG-20260426-WA0573.jpeg 730w, https:\/\/www.cronicasdeitarantim.com.br\/v1\/wp-content\/uploads\/2026\/04\/IMG-20260426-WA0573-300x169.jpeg 300w, https:\/\/www.cronicasdeitarantim.com.br\/v1\/wp-content\/uploads\/2026\/04\/IMG-20260426-WA0573-400x225.jpeg 400w\" sizes=\"(max-width: 730px) 100vw, 730px\" \/><\/a><a href=\"https:\/\/www.cronicasdeitarantim.com.br\/v1\/wp-content\/uploads\/2026\/04\/IMG_20260426_171734.jpeg\"><img decoding=\"async\" loading=\"lazy\" class=\"alignnone size-full wp-image-180046\" src=\"https:\/\/www.cronicasdeitarantim.com.br\/v1\/wp-content\/uploads\/2026\/04\/IMG_20260426_171734.jpeg\" alt=\"\" width=\"730\" height=\"329\" srcset=\"https:\/\/www.cronicasdeitarantim.com.br\/v1\/wp-content\/uploads\/2026\/04\/IMG_20260426_171734.jpeg 730w, https:\/\/www.cronicasdeitarantim.com.br\/v1\/wp-content\/uploads\/2026\/04\/IMG_20260426_171734-300x135.jpeg 300w, https:\/\/www.cronicasdeitarantim.com.br\/v1\/wp-content\/uploads\/2026\/04\/IMG_20260426_171734-400x180.jpeg 400w\" sizes=\"(max-width: 730px) 100vw, 730px\" \/><\/a><\/p>\n<p><a href=\"https:\/\/www.cronicasdeitarantim.com.br\/v1\/wp-content\/uploads\/2026\/04\/IMG_20260426_171710.jpeg\"><img decoding=\"async\" loading=\"lazy\" class=\"alignnone size-full wp-image-180045\" src=\"https:\/\/www.cronicasdeitarantim.com.br\/v1\/wp-content\/uploads\/2026\/04\/IMG_20260426_171710.jpeg\" alt=\"\" width=\"730\" height=\"329\" srcset=\"https:\/\/www.cronicasdeitarantim.com.br\/v1\/wp-content\/uploads\/2026\/04\/IMG_20260426_171710.jpeg 730w, https:\/\/www.cronicasdeitarantim.com.br\/v1\/wp-content\/uploads\/2026\/04\/IMG_20260426_171710-300x135.jpeg 300w, https:\/\/www.cronicasdeitarantim.com.br\/v1\/wp-content\/uploads\/2026\/04\/IMG_20260426_171710-400x180.jpeg 400w\" sizes=\"(max-width: 730px) 100vw, 730px\" \/><\/a><\/p>\n","protected":false},"excerpt":{"rendered":"<p>O Campeonato Municipal de Itarantim \u00e9 um ponto de encontro entre amigos aos domingos na cidade. Neste domingo, 26 de abril, teve mais uma rodada do campeonato municipal e mais uma vez foi o ponto de encontro dos desportistas que gostam do esporte e torce por suas respectivas equipes. Ex-jogadores, como mostram nas fotos registradas, relembram grandes momentos de campeonatos do passado no est\u00e1dio Florindo Dantas, celebrando o momento de recorda\u00e7\u00e3o entre amigos. Campeonato Municipal de Itarantim ainda est\u00e1 na primeira fase e termina somente no m\u00eas de junho.<\/p>\n","protected":false},"author":4,"featured_media":180042,"comment_status":"open","ping_status":"open","sticky":false,"template":"","format":"standard","meta":[],"categories":[14],"tags":[],"_links":{"self":[{"href":"https:\/\/www.cronicasdeitarantim.com.br\/v1\/wp-json\/wp\/v2\/posts\/180039"}],"collection":[{"href":"https:\/\/www.cronicasdeitarantim.com.br\/v1\/wp-json\/wp\/v2\/posts"}],"about":[{"href":"https:\/\/www.cronicasdeitarantim.com.br\/v1\/wp-json\/wp\/v2\/types\/post"}],"author":[{"embeddable":true,"href":"https:\/\/www.cronicasdeitarantim.com.br\/v1\/wp-json\/wp\/v2\/users\/4"}],"replies":[{"embeddable":true,"href":"https:\/\/www.cronicasdeitarantim.com.br\/v1\/wp-json\/wp\/v2\/comments?post=180039"}],"version-history":[{"count":3,"href":"https:\/\/www.cronicasdeitarantim.com.br\/v1\/wp-json\/wp\/v2\/posts\/180039\/revisions"}],"predecessor-version":[{"id":180048,"href":"https:\/\/www.cronicasdeitarantim.com.br\/v1\/wp-json\/wp\/v2\/posts\/180039\/revisions\/180048"}],"wp:featuredmedia":[{"embeddable":true,"href":"https:\/\/www.cronicasdeitarantim.com.br\/v1\/wp-json\/wp\/v2\/media\/180042"}],"wp:attachment":[{"href":"https:\/\/www.cronicasdeitarantim.com.br\/v1\/wp-json\/wp\/v2\/media?parent=180039"}],"wp:term":[{"taxonomy":"category","embeddable":true,"href":"https:\/\/www.cronicasdeitarantim.com.br\/v1\/wp-json\/wp\/v2\/categories?post=180039"},{"taxonomy":"post_tag","embeddable":true,"href":"https:\/\/www.cronicasdeitarantim.com.br\/v1\/wp-json\/wp\/v2\/tags?post=180039"}],"curies":[{"name":"wp","href":"https:\/\/api.w.org\/{rel}","templated":true}]}}