{"id":180034,"date":"2026-04-27T15:32:04","date_gmt":"2026-04-27T18:32:04","guid":{"rendered":"https:\/\/www.cronicasdeitarantim.com.br\/v1\/?p=180034"},"modified":"2026-04-27T15:32:04","modified_gmt":"2026-04-27T18:32:04","slug":"itarantim-repercutiu-muito-a-fala-do-prefeito-que-lancou-indireta-ao-vereador-carlos-alberto-na-entrega-do-mercado","status":"publish","type":"post","link":"https:\/\/www.cronicasdeitarantim.com.br\/v1\/2026\/04\/27\/itarantim-repercutiu-muito-a-fala-do-prefeito-que-lancou-indireta-ao-vereador-carlos-alberto-na-entrega-do-mercado\/","title":{"rendered":"Itarantim: Repercutiu muito a fala do prefeito, que lan\u00e7ou indireta ao vereador Carlos Alberto na entrega do mercado"},"content":{"rendered":"<h4>A fala do prefeito F\u00e1bio Gusm\u00e3o na \u00faltima sexta-feira, 24 de abril, durante a entrega da reforma do Mercado Municipal de Itarantim, gerou grande repercuss\u00e3o e coment\u00e1rios pol\u00edticos na cidade tentando entender para quem era a indireta do prefeito.<\/h4>\n<h4>Conhecido por n\u00e3o ter muita formalidade ao pegar o microfone, o prefeito lan\u00e7ou uma cr\u00edtica, que pode ser interpretada como uma indireta, ao vereador Carlos Alberto, que estava presente no palanque da entrega do mercado.<\/h4>\n<h4>O prefeito questionou por que, naquele momento, os vereadores n\u00e3o filmavam o local para denunciar ao Minist\u00e9rio P\u00fablico. Vale ressaltar que os vereadores Carlos Alberto e Zeza foram os que mais fiscalizaram a obra (n\u00e3o que eles estavam errados, estavam corretos) quando o mercado desabou, inclusive gravando v\u00eddeos para denunciar a situa\u00e7\u00e3o ao Minist\u00e9rio P\u00fablico.<\/h4>\n<h4>A cr\u00edtica do prefeito com certeza foi direcionada ao vereador Carlos Alberto, que, segundo informa\u00e7\u00f5es, chegou a baixar a cabe\u00e7a, compreendendo que a observa\u00e7\u00e3o era uma alus\u00e3o a ele no momento.<\/h4>\n<h4>Mesmo fazendo diversas cr\u00edticas ao governo do prefeito F\u00e1bio Gusm\u00e3o, em especial ao a reforma do mercado, o vereador foi at\u00e9 o palanque e teve que ouvir essa do prefeito e ficar calado.<\/h4>\n<h4>O vereador Zeza, assim ficamos informados, que tamb\u00e9m foi um dos que cobrou bastante a entrega da obra, n\u00e3o esteve palanque.<\/h4>\n","protected":false},"excerpt":{"rendered":"<p>A fala do prefeito F\u00e1bio Gusm\u00e3o na \u00faltima sexta-feira, 24 de abril, durante a entrega da reforma do Mercado Municipal de Itarantim, gerou grande repercuss\u00e3o e coment\u00e1rios pol\u00edticos na cidade tentando entender para quem era a indireta do prefeito. Conhecido por n\u00e3o ter muita formalidade ao pegar o microfone, o prefeito lan\u00e7ou uma cr\u00edtica, que pode ser interpretada como uma indireta, ao vereador Carlos Alberto, que estava presente no palanque da entrega do mercado. O prefeito questionou por que, naquele momento, os vereadores n\u00e3o filmavam o local para denunciar ao Minist\u00e9rio P\u00fablico. Vale ressaltar que os vereadores Carlos Alberto e [&hellip;]<\/p>\n","protected":false},"author":4,"featured_media":180036,"comment_status":"open","ping_status":"open","sticky":false,"template":"","format":"standard","meta":[],"categories":[304],"tags":[],"_links":{"self":[{"href":"https:\/\/www.cronicasdeitarantim.com.br\/v1\/wp-json\/wp\/v2\/posts\/180034"}],"collection":[{"href":"https:\/\/www.cronicasdeitarantim.com.br\/v1\/wp-json\/wp\/v2\/posts"}],"about":[{"href":"https:\/\/www.cronicasdeitarantim.com.br\/v1\/wp-json\/wp\/v2\/types\/post"}],"author":[{"embeddable":true,"href":"https:\/\/www.cronicasdeitarantim.com.br\/v1\/wp-json\/wp\/v2\/users\/4"}],"replies":[{"embeddable":true,"href":"https:\/\/www.cronicasdeitarantim.com.br\/v1\/wp-json\/wp\/v2\/comments?post=180034"}],"version-history":[{"count":2,"href":"https:\/\/www.cronicasdeitarantim.com.br\/v1\/wp-json\/wp\/v2\/posts\/180034\/revisions"}],"predecessor-version":[{"id":180037,"href":"https:\/\/www.cronicasdeitarantim.com.br\/v1\/wp-json\/wp\/v2\/posts\/180034\/revisions\/180037"}],"wp:featuredmedia":[{"embeddable":true,"href":"https:\/\/www.cronicasdeitarantim.com.br\/v1\/wp-json\/wp\/v2\/media\/180036"}],"wp:attachment":[{"href":"https:\/\/www.cronicasdeitarantim.com.br\/v1\/wp-json\/wp\/v2\/media?parent=180034"}],"wp:term":[{"taxonomy":"category","embeddable":true,"href":"https:\/\/www.cronicasdeitarantim.com.br\/v1\/wp-json\/wp\/v2\/categories?post=180034"},{"taxonomy":"post_tag","embeddable":true,"href":"https:\/\/www.cronicasdeitarantim.com.br\/v1\/wp-json\/wp\/v2\/tags?post=180034"}],"curies":[{"name":"wp","href":"https:\/\/api.w.org\/{rel}","templated":true}]}}