{"id":180022,"date":"2026-04-27T10:33:29","date_gmt":"2026-04-27T13:33:29","guid":{"rendered":"https:\/\/www.cronicasdeitarantim.com.br\/v1\/?p=180022"},"modified":"2026-04-27T10:38:34","modified_gmt":"2026-04-27T13:38:34","slug":"prefeitura-de-potiragua-ira-realizar-uma-das-maiores-celebracoes-da-historia-a-20a-festa-dos-evangelicos","status":"publish","type":"post","link":"https:\/\/www.cronicasdeitarantim.com.br\/v1\/2026\/04\/27\/prefeitura-de-potiragua-ira-realizar-uma-das-maiores-celebracoes-da-historia-a-20a-festa-dos-evangelicos\/","title":{"rendered":"Prefeitura de Potiragu\u00e1 ir\u00e1 realizar uma das maiores celebra\u00e7\u00f5es da hist\u00f3ria: a 20\u00aa Festa dos Evang\u00e9licos"},"content":{"rendered":"<h4>A Prefeitura do Munic\u00edpio de Potiragu\u00e1, localizado no m\u00e9dio sudoeste da Bahia, ir\u00e1 realizar uma das maiores festas em comemora\u00e7\u00e3o ao Dia do Evang\u00e9lico no munic\u00edpio.<\/h4>\n<h4>A administra\u00e7\u00e3o municipal comandada pelo prefeito Elias Carvalho, divulgou oficialmente as atra\u00e7\u00f5es que se apresentar\u00e3o na celebra\u00e7\u00e3o religiosa, que chega \u00e0 sua 20\u00aa edi\u00e7\u00e3o e, segundo a Prefeitura, ser\u00e1 a maior da hist\u00f3ria.<\/h4>\n<h4>O evento conta com total apoio da Prefeitura, por meio da Secretaria da Juventude, e contar\u00e1 com nomes renomados da m\u00fasica gospel nacional. Os cantores Samuel Mariano, Gerson Rufino e Ant\u00f4nio Gomes proporcionar\u00e3o momentos de louvor, reflex\u00e3o da palavra de Deus e muita adora\u00e7\u00e3o nos dois dias de evento.<\/h4>\n<h4 data-start=\"586\" data-end=\"882\">Outras atra\u00e7\u00f5es tamb\u00e9m ir\u00e3o se apresentar como: Rebeka Mariano, Minist\u00e9rio Gra\u00e7a e Rafael Santana, Manancial, Revson Martins, Tassio Paix\u00e3o e Franciele Souza.<\/h4>\n<h4>A festa est\u00e1 marcada para os dias 1\u00ba e 2 de maio, sexta-feira e s\u00e1bado, e contar\u00e1 com 10 atra\u00e7\u00f5es que passar\u00e3o pelo palco.<\/h4>\n<h4>Al\u00e9m das apresenta\u00e7\u00f5es, a celebra\u00e7\u00e3o do 20\u00aa Dia do Evang\u00e9lico contar\u00e1 com a ministra\u00e7\u00e3o do pastor Gabriel da Hora, que trar\u00e1 um momento de reflex\u00e3o sobre a import\u00e2ncia desta festa e a palavra de Deus.<\/h4>\n<h4>A festa religiosa promete atrair pessoas de toda a regi\u00e3o, com caravanas que vir\u00e3o celebrar junto ao povo de Potiragu\u00e1 este momento especial de adora\u00e7\u00e3o.<\/h4>\n","protected":false},"excerpt":{"rendered":"<p>A Prefeitura do Munic\u00edpio de Potiragu\u00e1, localizado no m\u00e9dio sudoeste da Bahia, ir\u00e1 realizar uma das maiores festas em comemora\u00e7\u00e3o ao Dia do Evang\u00e9lico no munic\u00edpio. A administra\u00e7\u00e3o municipal comandada pelo prefeito Elias Carvalho, divulgou oficialmente as atra\u00e7\u00f5es que se apresentar\u00e3o na celebra\u00e7\u00e3o religiosa, que chega \u00e0 sua 20\u00aa edi\u00e7\u00e3o e, segundo a Prefeitura, ser\u00e1 a maior da hist\u00f3ria. O evento conta com total apoio da Prefeitura, por meio da Secretaria da Juventude, e contar\u00e1 com nomes renomados da m\u00fasica gospel nacional. Os cantores Samuel Mariano, Gerson Rufino e Ant\u00f4nio Gomes proporcionar\u00e3o momentos de louvor, reflex\u00e3o da palavra de Deus [&hellip;]<\/p>\n","protected":false},"author":4,"featured_media":180023,"comment_status":"open","ping_status":"open","sticky":false,"template":"","format":"standard","meta":[],"categories":[1],"tags":[],"_links":{"self":[{"href":"https:\/\/www.cronicasdeitarantim.com.br\/v1\/wp-json\/wp\/v2\/posts\/180022"}],"collection":[{"href":"https:\/\/www.cronicasdeitarantim.com.br\/v1\/wp-json\/wp\/v2\/posts"}],"about":[{"href":"https:\/\/www.cronicasdeitarantim.com.br\/v1\/wp-json\/wp\/v2\/types\/post"}],"author":[{"embeddable":true,"href":"https:\/\/www.cronicasdeitarantim.com.br\/v1\/wp-json\/wp\/v2\/users\/4"}],"replies":[{"embeddable":true,"href":"https:\/\/www.cronicasdeitarantim.com.br\/v1\/wp-json\/wp\/v2\/comments?post=180022"}],"version-history":[{"count":3,"href":"https:\/\/www.cronicasdeitarantim.com.br\/v1\/wp-json\/wp\/v2\/posts\/180022\/revisions"}],"predecessor-version":[{"id":180026,"href":"https:\/\/www.cronicasdeitarantim.com.br\/v1\/wp-json\/wp\/v2\/posts\/180022\/revisions\/180026"}],"wp:featuredmedia":[{"embeddable":true,"href":"https:\/\/www.cronicasdeitarantim.com.br\/v1\/wp-json\/wp\/v2\/media\/180023"}],"wp:attachment":[{"href":"https:\/\/www.cronicasdeitarantim.com.br\/v1\/wp-json\/wp\/v2\/media?parent=180022"}],"wp:term":[{"taxonomy":"category","embeddable":true,"href":"https:\/\/www.cronicasdeitarantim.com.br\/v1\/wp-json\/wp\/v2\/categories?post=180022"},{"taxonomy":"post_tag","embeddable":true,"href":"https:\/\/www.cronicasdeitarantim.com.br\/v1\/wp-json\/wp\/v2\/tags?post=180022"}],"curies":[{"name":"wp","href":"https:\/\/api.w.org\/{rel}","templated":true}]}}