{"id":180019,"date":"2026-04-27T09:36:53","date_gmt":"2026-04-27T12:36:53","guid":{"rendered":"https:\/\/www.cronicasdeitarantim.com.br\/v1\/?p=180019"},"modified":"2026-04-27T09:36:53","modified_gmt":"2026-04-27T12:36:53","slug":"julgamento-de-sete-pms-acusados-pela-morte-de-geovane-mascarenhas-comeca-nesta-segunda-em-salvador","status":"publish","type":"post","link":"https:\/\/www.cronicasdeitarantim.com.br\/v1\/2026\/04\/27\/julgamento-de-sete-pms-acusados-pela-morte-de-geovane-mascarenhas-comeca-nesta-segunda-em-salvador\/","title":{"rendered":"Julgamento de sete PMs acusados pela morte de Geovane Mascarenhas come\u00e7a nesta segunda em Salvador"},"content":{"rendered":"<div class=\"sc-24c322fd-0 imQYhj\">\n<div class=\"sc-24c322fd-1 laZqPV\">\n<div class=\"sc-24c322fd-3 giHdVV\">\n<h4>A 1\u00aa Vara do Tribunal do J\u00fari da Comarca de Salvador d\u00e1 in\u00edcio nesta segunda-feira (27) ao julgamento dos sete policiais militares acusados pela morte do jovem Geovane Mascarenhas de Santana, ocorrida em 2014.<\/h4>\n<h4>A sess\u00e3o est\u00e1 marcada para as 8h, no F\u00f3rum Ruy Barbosa, e ser\u00e1 conduzida pela ju\u00edza Gelzi Maria Almeida Souza Matos. Caso haja necessidade de continua\u00e7\u00e3o, os dias 28 e 29 de abril, tamb\u00e9m \u00e0s 8h, est\u00e3o reservados para dar sequ\u00eancia aos trabalhos.<\/h4>\n<h4>De acordo com o rito do Tribunal do J\u00fari, sete jurados ser\u00e3o sorteados a partir de uma lista de 25 cidad\u00e3os para compor o Conselho de Senten\u00e7a, cabendo a eles decidir pela condena\u00e7\u00e3o ou absolvi\u00e7\u00e3o dos r\u00e9us. Se houver condena\u00e7\u00e3o, a magistrada calcular\u00e1 a pena conforme o C\u00f3digo Penal.<\/h4>\n<h4>Geovane Mascarenhas de Santana desapareceu no dia 2 de agosto de 2014, durante uma a\u00e7\u00e3o da Pol\u00edcia Militar no bairro da Cal\u00e7ada, em Salvador. \u00c0 \u00e9poca com 22 anos, ele foi visto sendo conduzido por policiais das Rondas Especiais (Rondesp), conforme mostram imagens de c\u00e2meras de vigil\u00e2ncia. No dia seguinte, o corpo da v\u00edtima foi encontrado no Parque S\u00e3o Bartolomeu, no bairro de Piraj\u00e1, com sinais de decapita\u00e7\u00e3o e carboniza\u00e7\u00e3o.<\/h4>\n<h4>Os sete policiais militares denunciados pelo Minist\u00e9rio P\u00fablico da Bahia (MP-BA) s\u00e3o: Cl\u00e1udio Bonfim Borges, Jesimiel da Silva Resende, Daniel Pereira de Sousa Santos, Alan Morais Galiza dos Santos, Alex Santos Caetano, Roberto dos Santos Oliveira e Jailson Gomes Oliveira.<\/h4>\n<h4>Eles ser\u00e3o julgados por homic\u00eddio qualificado, cometido por motivo torpe e com uso de recurso que impossibilitou a defesa da v\u00edtima. Tamb\u00e9m responder\u00e3o por roubo qualificado pelas circunst\u00e2ncias e, com exce\u00e7\u00e3o de Jailson Gomes Oliveira, por oculta\u00e7\u00e3o de cad\u00e1ver.<\/h4>\n<h4>Segundo a den\u00fancia do MP-BA, o crime ocorreu no dia 2 de agosto de 2014, quando Geovane pilotava sua motocicleta e foi abordado por uma guarni\u00e7\u00e3o da PM. Os policiais o conduziram na viatura, junto com a moto, at\u00e9 a Rua Luiz Maria, de onde seguiram para o local em que o assassinaram.<\/h4>\n<h4>A den\u00fancia acrescenta que os PMs atearam fogo no corpo para ocultar o cad\u00e1ver e o abandonaram no Parque S\u00e3o Bartolomeu, al\u00e9m de subtra\u00edrem a motocicleta e o aparelho celular da v\u00edtima. \u201cOs policiais militares sequestraram e mataram quem por eles foi eleito para morrer\u201d, afirma a pe\u00e7a acusat\u00f3ria, que registra ainda que os denunciados agiram de forma a impossibilitar qualquer defesa por parte da v\u00edtima, surpreendida, presa e mantida sob a guarda dos PMs sem justificativa legal, quando ent\u00e3o foi morta.<\/h4>\n<\/div>\n<\/div>\n<div>\n<h4 class=\"sc-a2085f8e-0 gKIthy\"><\/h4>\n<\/div>\n<\/div>\n<div class=\"sc-24c322fd-0 imQYhj\">\n<div class=\"sc-b4c8ccf3-0 fsXNOt\"><\/div>\n<\/div>\n","protected":false},"excerpt":{"rendered":"<p>A 1\u00aa Vara do Tribunal do J\u00fari da Comarca de Salvador d\u00e1 in\u00edcio nesta segunda-feira (27) ao julgamento dos sete policiais militares acusados pela morte do jovem Geovane Mascarenhas de Santana, ocorrida em 2014. A sess\u00e3o est\u00e1 marcada para as 8h, no F\u00f3rum Ruy Barbosa, e ser\u00e1 conduzida pela ju\u00edza Gelzi Maria Almeida Souza Matos. Caso haja necessidade de continua\u00e7\u00e3o, os dias 28 e 29 de abril, tamb\u00e9m \u00e0s 8h, est\u00e3o reservados para dar sequ\u00eancia aos trabalhos. De acordo com o rito do Tribunal do J\u00fari, sete jurados ser\u00e3o sorteados a partir de uma lista de 25 cidad\u00e3os para compor [&hellip;]<\/p>\n","protected":false},"author":4,"featured_media":180020,"comment_status":"open","ping_status":"open","sticky":false,"template":"","format":"standard","meta":[],"categories":[306],"tags":[],"_links":{"self":[{"href":"https:\/\/www.cronicasdeitarantim.com.br\/v1\/wp-json\/wp\/v2\/posts\/180019"}],"collection":[{"href":"https:\/\/www.cronicasdeitarantim.com.br\/v1\/wp-json\/wp\/v2\/posts"}],"about":[{"href":"https:\/\/www.cronicasdeitarantim.com.br\/v1\/wp-json\/wp\/v2\/types\/post"}],"author":[{"embeddable":true,"href":"https:\/\/www.cronicasdeitarantim.com.br\/v1\/wp-json\/wp\/v2\/users\/4"}],"replies":[{"embeddable":true,"href":"https:\/\/www.cronicasdeitarantim.com.br\/v1\/wp-json\/wp\/v2\/comments?post=180019"}],"version-history":[{"count":1,"href":"https:\/\/www.cronicasdeitarantim.com.br\/v1\/wp-json\/wp\/v2\/posts\/180019\/revisions"}],"predecessor-version":[{"id":180021,"href":"https:\/\/www.cronicasdeitarantim.com.br\/v1\/wp-json\/wp\/v2\/posts\/180019\/revisions\/180021"}],"wp:featuredmedia":[{"embeddable":true,"href":"https:\/\/www.cronicasdeitarantim.com.br\/v1\/wp-json\/wp\/v2\/media\/180020"}],"wp:attachment":[{"href":"https:\/\/www.cronicasdeitarantim.com.br\/v1\/wp-json\/wp\/v2\/media?parent=180019"}],"wp:term":[{"taxonomy":"category","embeddable":true,"href":"https:\/\/www.cronicasdeitarantim.com.br\/v1\/wp-json\/wp\/v2\/categories?post=180019"},{"taxonomy":"post_tag","embeddable":true,"href":"https:\/\/www.cronicasdeitarantim.com.br\/v1\/wp-json\/wp\/v2\/tags?post=180019"}],"curies":[{"name":"wp","href":"https:\/\/api.w.org\/{rel}","templated":true}]}}