{"id":180016,"date":"2026-04-27T08:50:37","date_gmt":"2026-04-27T11:50:37","guid":{"rendered":"https:\/\/www.cronicasdeitarantim.com.br\/v1\/?p=180016"},"modified":"2026-04-27T08:50:37","modified_gmt":"2026-04-27T11:50:37","slug":"vitoria-da-conquista-registra-menor-temperatura-do-nordeste-no-domingo-cidade-foi-destaque-nos-telejornais","status":"publish","type":"post","link":"https:\/\/www.cronicasdeitarantim.com.br\/v1\/2026\/04\/27\/vitoria-da-conquista-registra-menor-temperatura-do-nordeste-no-domingo-cidade-foi-destaque-nos-telejornais\/","title":{"rendered":"Vit\u00f3ria da Conquista registra menor temperatura do Nordeste no domingo, cidade foi destaque nos telejornais"},"content":{"rendered":"<div class=\"styles__Body-sc-1ffquwr-7 ePhtZb\">\n<h4 dir=\"auto\" data-scroll-anchor=\"false\" data-testid=\"conversation-turn-1\" data-turn=\"user\" data-turn-id=\"57df3630-c86b-40ec-a62e-727f0b63d3ce\">O munic\u00edpio de Vit\u00f3ria da Conquista, no sudoeste da Bahia, marcou 16,9\u00b0C nas \u00faltimas 24 horas e foi a cidade mais fria do Nordeste no domingo (26), segundo o Instituto Nacional de Meteorologia (Inmet).<\/h4>\n<section dir=\"auto\" data-scroll-anchor=\"false\" data-testid=\"conversation-turn-2\" data-turn=\"assistant\" data-turn-id=\"request-WEB:35346486-abac-44d9-8788-68da53ab85b6-0\">\n<h4 data-end=\"454\" data-start=\"279\">Apesar do destaque regional, o munic\u00edpio aparece apenas na 121\u00aa posi\u00e7\u00e3o no ranking nacional, atr\u00e1s de cidades de estados como Minas Gerais, Rio de Janeiro e Rio Grande do Sul.<\/h4>\n<h4 data-end=\"571\" data-start=\"456\">No topo da lista est\u00e3o Monte Verde (MG), com 9,4\u00b0C, Campos do Jord\u00e3o (SP), com 9,7\u00b0C, e Maria da F\u00e9 (MG), com 10\u00b0C.<\/h4>\n<h4 data-end=\"571\" data-start=\"456\"><strong>Confira:<\/strong><\/h4>\n<ol>\n<li>\n<h4>Monte Verde (MG): 9,4\u00b0C<\/h4>\n<\/li>\n<li>\n<h4>Campos do Jord\u00e3o (SP): 9,7\u00b0C<\/h4>\n<\/li>\n<li>\n<h4>Maria da F\u00e9 (MG): 10,0\u00b0C<\/h4>\n<\/li>\n<li>\n<h4>Nova Friburgo \u2013 Salinas (RJ): 10,3\u00b0C<\/h4>\n<\/li>\n<li>\n<h4>Patroc\u00ednio (MG): 11,8\u00b0C<\/h4>\n<\/li>\n<li>\n<h4>Quara\u00ed (RS): 12,1\u00b0C<\/h4>\n<\/li>\n<li>\n<h4>Florestal (MG): 13,2\u00b0C<\/h4>\n<\/li>\n<li>\n<h4>Sete Lagoas (MG): 13,2\u00b0C<\/h4>\n<\/li>\n<li>\n<h4>S\u00e3o Jo\u00e3o del-Rei (MG): 13,3\u00b0C<\/h4>\n<\/li>\n<li>\n<h4>Pico do Couto (RJ): 13,4\u00b0C<\/h4>\n<\/li>\n<\/ol>\n<\/section>\n<\/div>\n","protected":false},"excerpt":{"rendered":"<p>O munic\u00edpio de Vit\u00f3ria da Conquista, no sudoeste da Bahia, marcou 16,9\u00b0C nas \u00faltimas 24 horas e foi a cidade mais fria do Nordeste no domingo (26), segundo o Instituto Nacional de Meteorologia (Inmet). Apesar do destaque regional, o munic\u00edpio aparece apenas na 121\u00aa posi\u00e7\u00e3o no ranking nacional, atr\u00e1s de cidades de estados como Minas Gerais, Rio de Janeiro e Rio Grande do Sul. No topo da lista est\u00e3o Monte Verde (MG), com 9,4\u00b0C, Campos do Jord\u00e3o (SP), com 9,7\u00b0C, e Maria da F\u00e9 (MG), com 10\u00b0C. Confira: Monte Verde (MG): 9,4\u00b0C Campos do Jord\u00e3o (SP): 9,7\u00b0C Maria da F\u00e9 [&hellip;]<\/p>\n","protected":false},"author":4,"featured_media":180017,"comment_status":"open","ping_status":"open","sticky":false,"template":"","format":"standard","meta":[],"categories":[295],"tags":[],"_links":{"self":[{"href":"https:\/\/www.cronicasdeitarantim.com.br\/v1\/wp-json\/wp\/v2\/posts\/180016"}],"collection":[{"href":"https:\/\/www.cronicasdeitarantim.com.br\/v1\/wp-json\/wp\/v2\/posts"}],"about":[{"href":"https:\/\/www.cronicasdeitarantim.com.br\/v1\/wp-json\/wp\/v2\/types\/post"}],"author":[{"embeddable":true,"href":"https:\/\/www.cronicasdeitarantim.com.br\/v1\/wp-json\/wp\/v2\/users\/4"}],"replies":[{"embeddable":true,"href":"https:\/\/www.cronicasdeitarantim.com.br\/v1\/wp-json\/wp\/v2\/comments?post=180016"}],"version-history":[{"count":1,"href":"https:\/\/www.cronicasdeitarantim.com.br\/v1\/wp-json\/wp\/v2\/posts\/180016\/revisions"}],"predecessor-version":[{"id":180018,"href":"https:\/\/www.cronicasdeitarantim.com.br\/v1\/wp-json\/wp\/v2\/posts\/180016\/revisions\/180018"}],"wp:featuredmedia":[{"embeddable":true,"href":"https:\/\/www.cronicasdeitarantim.com.br\/v1\/wp-json\/wp\/v2\/media\/180017"}],"wp:attachment":[{"href":"https:\/\/www.cronicasdeitarantim.com.br\/v1\/wp-json\/wp\/v2\/media?parent=180016"}],"wp:term":[{"taxonomy":"category","embeddable":true,"href":"https:\/\/www.cronicasdeitarantim.com.br\/v1\/wp-json\/wp\/v2\/categories?post=180016"},{"taxonomy":"post_tag","embeddable":true,"href":"https:\/\/www.cronicasdeitarantim.com.br\/v1\/wp-json\/wp\/v2\/tags?post=180016"}],"curies":[{"name":"wp","href":"https:\/\/api.w.org\/{rel}","templated":true}]}}