{"id":180013,"date":"2026-04-26T11:51:07","date_gmt":"2026-04-26T14:51:07","guid":{"rendered":"https:\/\/www.cronicasdeitarantim.com.br\/v1\/?p=180013"},"modified":"2026-04-26T11:51:07","modified_gmt":"2026-04-26T14:51:07","slug":"tre-desmente-informacao-falsa-de-que-mesarios-votam-no-lugar-de-eleitores-na-bahia","status":"publish","type":"post","link":"https:\/\/www.cronicasdeitarantim.com.br\/v1\/2026\/04\/26\/tre-desmente-informacao-falsa-de-que-mesarios-votam-no-lugar-de-eleitores-na-bahia\/","title":{"rendered":"TRE desmente informa\u00e7\u00e3o falsa de que mes\u00e1rios votam no lugar de eleitores na Bahia"},"content":{"rendered":"<p>O Tribunal Regional Eleitoral da Bahia (TRE-BA) emitiu um alerta oficial neste s\u00e1bado (25) para desmentir informa\u00e7\u00f5es falsas que circulam nas redes sociais sobre o processo de vota\u00e7\u00e3o no estado. O conte\u00fado enganoso afirma que, ap\u00f3s o encerramento oficial das urnas \u00e0s 17h, mes\u00e1rios estariam utilizando os t\u00edtulos de eleitores ausentes para registrar votos de forma irregular.<\/p>\n<p>A Corte Eleitoral reafirma por meio de nota que a den\u00fancia n\u00e3o possui fundamento e ignora as diversas camadas de seguran\u00e7a do sistema eletr\u00f4nico de vota\u00e7\u00e3o brasileiro.<\/p>\n<p>O TRE-BA ressaltou ainda que mes\u00e1rios s\u00e3o cidad\u00e3os convocados que atuam sob supervis\u00e3o direta e que a dissemina\u00e7\u00e3o de not\u00edcias falsas contra a integridade do voto atenta contra a democracia. A orienta\u00e7\u00e3o \u00e9 que o eleitor sempre verifique a veracidade das informa\u00e7\u00f5es nos canais oficiais da Justi\u00e7a Eleitoral.<\/p>\n<p><b>Presen\u00e7a f\u00edsica do eleitor<\/b><\/p>\n<p>De acordo com o TRE-BA, a habilita\u00e7\u00e3o de um voto exige a presen\u00e7a f\u00edsica do cidad\u00e3o. Na Bahia,\u00a0<b>mais de 10,4 milh\u00f5es de pessoas<\/b>, o que representa\u00a0<b>93% do eleitorado<\/b>, j\u00e1 possuem cadastro biom\u00e9trico. O mes\u00e1rio s\u00f3 libera a urna ap\u00f3s o reconhecimento da digital do eleitor.<\/p>\n<p>Nos casos em que a biometria n\u00e3o \u00e9 reconhecida, a legisla\u00e7\u00e3o prev\u00ea um protocolo rigoroso:<\/p>\n<p>\u2013 Apresenta\u00e7\u00e3o de documento oficial com foto;<br \/>\n\u2013 Confer\u00eancia de dados no caderno de vota\u00e7\u00e3o;<br \/>\n\u2013 O eleitor deve informar verbalmente o seu\u00a0<b>ano de nascimento<\/b>.<\/p>\n<p>Como o ano de nascimento n\u00e3o consta no caderno impresso do mes\u00e1rio, a informa\u00e7\u00e3o deve partir obrigatoriamente do eleitor. Todo esse procedimento de habilita\u00e7\u00e3o manual fica registrado no log da urna para auditorias posteriores.<\/p>\n<p><b>Vota\u00e7\u00e3o ap\u00f3s \u00e0s 17h<\/b><\/p>\n<p>O tribunal esclarece que a continuidade da vota\u00e7\u00e3o ap\u00f3s o hor\u00e1rio oficial \u00e9 um procedimento legal e previsto. Eleitores que j\u00e1 est\u00e3o na fila at\u00e9 as 17h recebem senhas e t\u00eam o direito de votar garantido. Portanto, o funcionamento da urna ap\u00f3s esse hor\u00e1rio n\u00e3o indica fraude, mas sim o cumprimento do fluxo de atendimento.<\/p>\n<p>De acordo com o TRE-BA, a seguran\u00e7a do pleito \u00e9 refor\u00e7ada por mecanismos p\u00fablicos que podem ser conferidos por qualquer cidad\u00e3o ou fiscal de partido:<\/p>\n<p><b>\u2013 Zer\u00e9sima:<\/b>\u00a0relat\u00f3rio impresso antes do in\u00edcio da vota\u00e7\u00e3o que prova que a urna tem \u201czero\u201d votos;<\/p>\n<p><b>\u2013 Boletim de Urna (BU):<\/b>\u00a0relat\u00f3rio impresso imediatamente ap\u00f3s o fim da vota\u00e7\u00e3o, contendo o total de votos registrados naquela se\u00e7\u00e3o;<\/p>\n<p>\u2013\u00a0<b>Fiscaliza\u00e7\u00e3o:<\/b> representantes de partidos pol\u00edticos e da sociedade civil acompanham todo o trabalho nas se\u00e7\u00f5es eleitorais. (Bahia.ba).<\/p>\n","protected":false},"excerpt":{"rendered":"<p>O Tribunal Regional Eleitoral da Bahia (TRE-BA) emitiu um alerta oficial neste s\u00e1bado (25) para desmentir informa\u00e7\u00f5es falsas que circulam nas redes sociais sobre o processo de vota\u00e7\u00e3o no estado. O conte\u00fado enganoso afirma que, ap\u00f3s o encerramento oficial das urnas \u00e0s 17h, mes\u00e1rios estariam utilizando os t\u00edtulos de eleitores ausentes para registrar votos de forma irregular. A Corte Eleitoral reafirma por meio de nota que a den\u00fancia n\u00e3o possui fundamento e ignora as diversas camadas de seguran\u00e7a do sistema eletr\u00f4nico de vota\u00e7\u00e3o brasileiro. O TRE-BA ressaltou ainda que mes\u00e1rios s\u00e3o cidad\u00e3os convocados que atuam sob supervis\u00e3o direta e que [&hellip;]<\/p>\n","protected":false},"author":4,"featured_media":180014,"comment_status":"open","ping_status":"open","sticky":false,"template":"","format":"standard","meta":[],"categories":[296],"tags":[],"_links":{"self":[{"href":"https:\/\/www.cronicasdeitarantim.com.br\/v1\/wp-json\/wp\/v2\/posts\/180013"}],"collection":[{"href":"https:\/\/www.cronicasdeitarantim.com.br\/v1\/wp-json\/wp\/v2\/posts"}],"about":[{"href":"https:\/\/www.cronicasdeitarantim.com.br\/v1\/wp-json\/wp\/v2\/types\/post"}],"author":[{"embeddable":true,"href":"https:\/\/www.cronicasdeitarantim.com.br\/v1\/wp-json\/wp\/v2\/users\/4"}],"replies":[{"embeddable":true,"href":"https:\/\/www.cronicasdeitarantim.com.br\/v1\/wp-json\/wp\/v2\/comments?post=180013"}],"version-history":[{"count":1,"href":"https:\/\/www.cronicasdeitarantim.com.br\/v1\/wp-json\/wp\/v2\/posts\/180013\/revisions"}],"predecessor-version":[{"id":180015,"href":"https:\/\/www.cronicasdeitarantim.com.br\/v1\/wp-json\/wp\/v2\/posts\/180013\/revisions\/180015"}],"wp:featuredmedia":[{"embeddable":true,"href":"https:\/\/www.cronicasdeitarantim.com.br\/v1\/wp-json\/wp\/v2\/media\/180014"}],"wp:attachment":[{"href":"https:\/\/www.cronicasdeitarantim.com.br\/v1\/wp-json\/wp\/v2\/media?parent=180013"}],"wp:term":[{"taxonomy":"category","embeddable":true,"href":"https:\/\/www.cronicasdeitarantim.com.br\/v1\/wp-json\/wp\/v2\/categories?post=180013"},{"taxonomy":"post_tag","embeddable":true,"href":"https:\/\/www.cronicasdeitarantim.com.br\/v1\/wp-json\/wp\/v2\/tags?post=180013"}],"curies":[{"name":"wp","href":"https:\/\/api.w.org\/{rel}","templated":true}]}}