{"id":180010,"date":"2026-04-26T10:52:21","date_gmt":"2026-04-26T13:52:21","guid":{"rendered":"https:\/\/www.cronicasdeitarantim.com.br\/v1\/?p=180010"},"modified":"2026-04-26T10:52:21","modified_gmt":"2026-04-26T13:52:21","slug":"justica-eleitoral-procura-brasileiros-para-o-servico-de-mesario-saiba-como-participar","status":"publish","type":"post","link":"https:\/\/www.cronicasdeitarantim.com.br\/v1\/2026\/04\/26\/justica-eleitoral-procura-brasileiros-para-o-servico-de-mesario-saiba-como-participar\/","title":{"rendered":"Justi\u00e7a Eleitoral procura brasileiros para o servi\u00e7o de mes\u00e1rio; saiba como participar"},"content":{"rendered":"<div class=\"styles__Body-sc-1ffquwr-7 ePhtZb\">\n<p>Baianos com mais de 18 anos de idade e em situa\u00e7\u00e3o regular com a Justi\u00e7a Eleitoral que desejarem atuar de forma volunt\u00e1ria como mes\u00e1rios nas elei\u00e7\u00f5es deste ano podem se inscrever\u00a0\u00a0pelo Portal do Mes\u00e1rio no site do\u00a0Tribunal Regional Eleitoral da Bahia\u00a0(TRE-BA).\u00a0\u00a0Ap\u00f3s an\u00e1lise da inscri\u00e7\u00e3o, o eleitor ser\u00e1 convocado para treinamento e atua\u00e7\u00e3o.<\/p>\n<p><strong>O que faz um mes\u00e1rio<\/strong><br \/>\nA mesa receptora de votos \u00e9 composta por um presidente, dois mes\u00e1rios, dois secret\u00e1rios e um suplente. No domingo de elei\u00e7\u00e3o, essa equipe \u00e9 respons\u00e1vel por identificar eleitores, operar a urna eletr\u00f4nica, registrar ocorr\u00eancias, garantir o sigilo do voto, abrir e encerrar a vota\u00e7\u00e3o, entre outras tarefas.<\/p>\n<p><strong>Como fazer parte da mesa receptora<\/strong><br \/>\nPara se inscrever, basta\u00a0o\u00a0<a href=\"https:\/\/mesario.tre-ba.jus.br\/\" target=\"_blank\" rel=\"noopener\">Portal do Mes\u00e1rio<\/a>\u00a0no site do TRE, pelo aplicativo e-T\u00edtulo ou comparecer presencialmente no cart\u00f3rio eleitoral.\u00a0A ficha de inscri\u00e7\u00e3o ser\u00e1 analisada pelo cart\u00f3rio eleitoral para verificar se existe vaga na sua se\u00e7\u00e3o eleitoral, no mesmo local, ou ainda em um local de vota\u00e7\u00e3o pr\u00f3ximo.<\/p>\n<p><strong>Benef\u00edcios<\/strong><br \/>\nQuem trabalha nas elei\u00e7\u00f5es pode adquirir os seguintes benef\u00edcios:<\/p>\n<p>os dias trabalhados podem contar como horas complementares em cursos universit\u00e1rios;<br \/>\nem caso de empate em concurso p\u00fablico, pode ter vantagem para o desempate (se estiver previsto no edital);<br \/>\nno dia da elei\u00e7\u00e3o, recebe aux\u00edlio-alimenta\u00e7\u00e3o no valor de R$ 65 por turno trabalhado;<br \/>\ntem direito a dois dias de folga por cada dia trabalhado e ao concluir o treinamento, sem perder o sal\u00e1rio.<\/p>\n<\/div>\n","protected":false},"excerpt":{"rendered":"<p>Baianos com mais de 18 anos de idade e em situa\u00e7\u00e3o regular com a Justi\u00e7a Eleitoral que desejarem atuar de forma volunt\u00e1ria como mes\u00e1rios nas elei\u00e7\u00f5es deste ano podem se inscrever\u00a0\u00a0pelo Portal do Mes\u00e1rio no site do\u00a0Tribunal Regional Eleitoral da Bahia\u00a0(TRE-BA).\u00a0\u00a0Ap\u00f3s an\u00e1lise da inscri\u00e7\u00e3o, o eleitor ser\u00e1 convocado para treinamento e atua\u00e7\u00e3o. O que faz um mes\u00e1rio A mesa receptora de votos \u00e9 composta por um presidente, dois mes\u00e1rios, dois secret\u00e1rios e um suplente. No domingo de elei\u00e7\u00e3o, essa equipe \u00e9 respons\u00e1vel por identificar eleitores, operar a urna eletr\u00f4nica, registrar ocorr\u00eancias, garantir o sigilo do voto, abrir e encerrar a [&hellip;]<\/p>\n","protected":false},"author":4,"featured_media":180011,"comment_status":"open","ping_status":"open","sticky":false,"template":"","format":"standard","meta":[],"categories":[296],"tags":[],"_links":{"self":[{"href":"https:\/\/www.cronicasdeitarantim.com.br\/v1\/wp-json\/wp\/v2\/posts\/180010"}],"collection":[{"href":"https:\/\/www.cronicasdeitarantim.com.br\/v1\/wp-json\/wp\/v2\/posts"}],"about":[{"href":"https:\/\/www.cronicasdeitarantim.com.br\/v1\/wp-json\/wp\/v2\/types\/post"}],"author":[{"embeddable":true,"href":"https:\/\/www.cronicasdeitarantim.com.br\/v1\/wp-json\/wp\/v2\/users\/4"}],"replies":[{"embeddable":true,"href":"https:\/\/www.cronicasdeitarantim.com.br\/v1\/wp-json\/wp\/v2\/comments?post=180010"}],"version-history":[{"count":1,"href":"https:\/\/www.cronicasdeitarantim.com.br\/v1\/wp-json\/wp\/v2\/posts\/180010\/revisions"}],"predecessor-version":[{"id":180012,"href":"https:\/\/www.cronicasdeitarantim.com.br\/v1\/wp-json\/wp\/v2\/posts\/180010\/revisions\/180012"}],"wp:featuredmedia":[{"embeddable":true,"href":"https:\/\/www.cronicasdeitarantim.com.br\/v1\/wp-json\/wp\/v2\/media\/180011"}],"wp:attachment":[{"href":"https:\/\/www.cronicasdeitarantim.com.br\/v1\/wp-json\/wp\/v2\/media?parent=180010"}],"wp:term":[{"taxonomy":"category","embeddable":true,"href":"https:\/\/www.cronicasdeitarantim.com.br\/v1\/wp-json\/wp\/v2\/categories?post=180010"},{"taxonomy":"post_tag","embeddable":true,"href":"https:\/\/www.cronicasdeitarantim.com.br\/v1\/wp-json\/wp\/v2\/tags?post=180010"}],"curies":[{"name":"wp","href":"https:\/\/api.w.org\/{rel}","templated":true}]}}