{"id":180002,"date":"2026-04-25T12:13:14","date_gmt":"2026-04-25T15:13:14","guid":{"rendered":"https:\/\/www.cronicasdeitarantim.com.br\/v1\/?p=180002"},"modified":"2026-04-25T12:13:14","modified_gmt":"2026-04-25T15:13:14","slug":"jovem-assassinado-em-potiragua-era-do-municipio-de-mascote-ele-foi-identificado","status":"publish","type":"post","link":"https:\/\/www.cronicasdeitarantim.com.br\/v1\/2026\/04\/25\/jovem-assassinado-em-potiragua-era-do-municipio-de-mascote-ele-foi-identificado\/","title":{"rendered":"Jovem assassinado em Potiragu\u00e1 era do munic\u00edpio de Mascote, ele foi identificado"},"content":{"rendered":"<h4>O jovem que foi assassinado na noite desta sexta-feira, 25 de abril, no munic\u00edpio de Potiragu\u00e1 foi identificado pelo nome de Vanderley de 26 anos de idade e era do munic\u00edpio de Mascote, morador do distrito de S\u00e3o Jo\u00e3o do Para\u00edso, no extremo sul da Bahia.<\/h4>\n<h4>Vanderley, que tinha um apelido de Demenor, foi surpreendido em uma rua do centro da cidade de Potiragu\u00e1 quando dois homens em uma moto dispararam v\u00e1rios tiros contra ele, morrendo ainda no local.<\/h4>\n<h4>No momento dos disparos, uma mulher tamb\u00e9m foi atingida e levada para o hospital do munic\u00edpio onde recebeu os atendimentos e transfer\u00eancia para outra cidade.<\/h4>\n<h4>Segundo informa\u00e7\u00f5es colhidas pela reda\u00e7\u00e3o do portal Cr\u00f4nicas de Itarantim, Vanderley \u00e9 do munic\u00edpio de Mascote e estava em Potiragu\u00e1 j\u00e1 h\u00e1 alguns dias em casa de parentes.<\/h4>\n","protected":false},"excerpt":{"rendered":"<p>O jovem que foi assassinado na noite desta sexta-feira, 25 de abril, no munic\u00edpio de Potiragu\u00e1 foi identificado pelo nome de Vanderley de 26 anos de idade e era do munic\u00edpio de Mascote, morador do distrito de S\u00e3o Jo\u00e3o do Para\u00edso, no extremo sul da Bahia. Vanderley, que tinha um apelido de Demenor, foi surpreendido em uma rua do centro da cidade de Potiragu\u00e1 quando dois homens em uma moto dispararam v\u00e1rios tiros contra ele, morrendo ainda no local. No momento dos disparos, uma mulher tamb\u00e9m foi atingida e levada para o hospital do munic\u00edpio onde recebeu os atendimentos e [&hellip;]<\/p>\n","protected":false},"author":4,"featured_media":180003,"comment_status":"open","ping_status":"open","sticky":false,"template":"","format":"standard","meta":[],"categories":[306],"tags":[],"_links":{"self":[{"href":"https:\/\/www.cronicasdeitarantim.com.br\/v1\/wp-json\/wp\/v2\/posts\/180002"}],"collection":[{"href":"https:\/\/www.cronicasdeitarantim.com.br\/v1\/wp-json\/wp\/v2\/posts"}],"about":[{"href":"https:\/\/www.cronicasdeitarantim.com.br\/v1\/wp-json\/wp\/v2\/types\/post"}],"author":[{"embeddable":true,"href":"https:\/\/www.cronicasdeitarantim.com.br\/v1\/wp-json\/wp\/v2\/users\/4"}],"replies":[{"embeddable":true,"href":"https:\/\/www.cronicasdeitarantim.com.br\/v1\/wp-json\/wp\/v2\/comments?post=180002"}],"version-history":[{"count":1,"href":"https:\/\/www.cronicasdeitarantim.com.br\/v1\/wp-json\/wp\/v2\/posts\/180002\/revisions"}],"predecessor-version":[{"id":180004,"href":"https:\/\/www.cronicasdeitarantim.com.br\/v1\/wp-json\/wp\/v2\/posts\/180002\/revisions\/180004"}],"wp:featuredmedia":[{"embeddable":true,"href":"https:\/\/www.cronicasdeitarantim.com.br\/v1\/wp-json\/wp\/v2\/media\/180003"}],"wp:attachment":[{"href":"https:\/\/www.cronicasdeitarantim.com.br\/v1\/wp-json\/wp\/v2\/media?parent=180002"}],"wp:term":[{"taxonomy":"category","embeddable":true,"href":"https:\/\/www.cronicasdeitarantim.com.br\/v1\/wp-json\/wp\/v2\/categories?post=180002"},{"taxonomy":"post_tag","embeddable":true,"href":"https:\/\/www.cronicasdeitarantim.com.br\/v1\/wp-json\/wp\/v2\/tags?post=180002"}],"curies":[{"name":"wp","href":"https:\/\/api.w.org\/{rel}","templated":true}]}}