{"id":179998,"date":"2026-04-25T11:27:56","date_gmt":"2026-04-25T14:27:56","guid":{"rendered":"https:\/\/www.cronicasdeitarantim.com.br\/v1\/?p=179998"},"modified":"2026-04-25T12:01:25","modified_gmt":"2026-04-25T15:01:25","slug":"identificado-homem-assassinado-em-itarantim-nesta-madrugada-de-sabado","status":"publish","type":"post","link":"https:\/\/www.cronicasdeitarantim.com.br\/v1\/2026\/04\/25\/identificado-homem-assassinado-em-itarantim-nesta-madrugada-de-sabado\/","title":{"rendered":"Identificado homem assassinado em Itarantim nesta madrugada de s\u00e1bado"},"content":{"rendered":"<h4>Viol\u00eancia voltou a assustar Itarantim. Nesta madrugada, 25 de abril, um homem identificado pelo nome de Jerry, foi assassinado, segundo informa\u00e7\u00f5es da pol\u00edcia, espancado e com um golpe de faca.<\/h4>\n<h4>Jerry era trabalhador de uma empresa funer\u00e1ria da cidade, a Pax Perfei\u00e7\u00e3o, e era um morador bastante conhecido na cidade residente na regi\u00e3o da &#8220;Rua da Palha&#8221;.<\/h4>\n<h4>A motiva\u00e7\u00e3o do crime ainda \u00e9 desconhecida e at\u00e9 o momento n\u00e3o h\u00e1 suspeita dos autores do crime.<\/h4>\n<h4>Informa\u00e7\u00f5es n\u00e3o oficiais, indicam que ele foi atra\u00eddo numa esp\u00e9cie de emboscada e no local, em uma das ruas de Itarantim, foi surpreendido com uma facada.<\/h4>\n","protected":false},"excerpt":{"rendered":"<p>Viol\u00eancia voltou a assustar Itarantim. Nesta madrugada, 25 de abril, um homem identificado pelo nome de Jerry, foi assassinado, segundo informa\u00e7\u00f5es da pol\u00edcia, espancado e com um golpe de faca. Jerry era trabalhador de uma empresa funer\u00e1ria da cidade, a Pax Perfei\u00e7\u00e3o, e era um morador bastante conhecido na cidade residente na regi\u00e3o da &#8220;Rua da Palha&#8221;. A motiva\u00e7\u00e3o do crime ainda \u00e9 desconhecida e at\u00e9 o momento n\u00e3o h\u00e1 suspeita dos autores do crime. Informa\u00e7\u00f5es n\u00e3o oficiais, indicam que ele foi atra\u00eddo numa esp\u00e9cie de emboscada e no local, em uma das ruas de Itarantim, foi surpreendido com uma [&hellip;]<\/p>\n","protected":false},"author":4,"featured_media":179999,"comment_status":"open","ping_status":"open","sticky":false,"template":"","format":"standard","meta":[],"categories":[306],"tags":[],"_links":{"self":[{"href":"https:\/\/www.cronicasdeitarantim.com.br\/v1\/wp-json\/wp\/v2\/posts\/179998"}],"collection":[{"href":"https:\/\/www.cronicasdeitarantim.com.br\/v1\/wp-json\/wp\/v2\/posts"}],"about":[{"href":"https:\/\/www.cronicasdeitarantim.com.br\/v1\/wp-json\/wp\/v2\/types\/post"}],"author":[{"embeddable":true,"href":"https:\/\/www.cronicasdeitarantim.com.br\/v1\/wp-json\/wp\/v2\/users\/4"}],"replies":[{"embeddable":true,"href":"https:\/\/www.cronicasdeitarantim.com.br\/v1\/wp-json\/wp\/v2\/comments?post=179998"}],"version-history":[{"count":2,"href":"https:\/\/www.cronicasdeitarantim.com.br\/v1\/wp-json\/wp\/v2\/posts\/179998\/revisions"}],"predecessor-version":[{"id":180001,"href":"https:\/\/www.cronicasdeitarantim.com.br\/v1\/wp-json\/wp\/v2\/posts\/179998\/revisions\/180001"}],"wp:featuredmedia":[{"embeddable":true,"href":"https:\/\/www.cronicasdeitarantim.com.br\/v1\/wp-json\/wp\/v2\/media\/179999"}],"wp:attachment":[{"href":"https:\/\/www.cronicasdeitarantim.com.br\/v1\/wp-json\/wp\/v2\/media?parent=179998"}],"wp:term":[{"taxonomy":"category","embeddable":true,"href":"https:\/\/www.cronicasdeitarantim.com.br\/v1\/wp-json\/wp\/v2\/categories?post=179998"},{"taxonomy":"post_tag","embeddable":true,"href":"https:\/\/www.cronicasdeitarantim.com.br\/v1\/wp-json\/wp\/v2\/tags?post=179998"}],"curies":[{"name":"wp","href":"https:\/\/api.w.org\/{rel}","templated":true}]}}