{"id":179990,"date":"2026-04-24T20:59:41","date_gmt":"2026-04-24T23:59:41","guid":{"rendered":"https:\/\/www.cronicasdeitarantim.com.br\/v1\/?p=179990"},"modified":"2026-04-24T22:57:39","modified_gmt":"2026-04-25T01:57:39","slug":"urgente-em-potiragua-homem-acaba-de-ser-assassinado-com-varios-tiros","status":"publish","type":"post","link":"https:\/\/www.cronicasdeitarantim.com.br\/v1\/2026\/04\/24\/urgente-em-potiragua-homem-acaba-de-ser-assassinado-com-varios-tiros\/","title":{"rendered":"Urgente em Potiragu\u00e1! Homem acaba de ser assassinado com v\u00e1rios tiros"},"content":{"rendered":"<h4>Urgente em Potiragu\u00e1, homem acaba de ser assassinado a tiros em uma das ruas da cidade por homens que chegaram atirando, na noite desta sexta-feira, 24 de abril.<\/h4>\n<h4>De acordo com as primeiras informa\u00e7\u00f5es colhidas pela reda\u00e7\u00e3o do portal Cr\u00f4nicas de Itarantim, o homem de apelido Dimenor recebeu v\u00e1rios tiros dos homens que chegaram em uma motocicleta atirando.<\/h4>\n<h4>O homem morreu no local antes do atendimento m\u00e9dico. A pol\u00edcia se encontra no local guardando a cena do crime para chegada da pol\u00edcia t\u00e9cnica e remo\u00e7\u00e3o.<\/h4>\n","protected":false},"excerpt":{"rendered":"<p>Urgente em Potiragu\u00e1, homem acaba de ser assassinado a tiros em uma das ruas da cidade por homens que chegaram atirando, na noite desta sexta-feira, 24 de abril. De acordo com as primeiras informa\u00e7\u00f5es colhidas pela reda\u00e7\u00e3o do portal Cr\u00f4nicas de Itarantim, o homem de apelido Dimenor recebeu v\u00e1rios tiros dos homens que chegaram em uma motocicleta atirando. O homem morreu no local antes do atendimento m\u00e9dico. A pol\u00edcia se encontra no local guardando a cena do crime para chegada da pol\u00edcia t\u00e9cnica e remo\u00e7\u00e3o.<\/p>\n","protected":false},"author":4,"featured_media":179991,"comment_status":"open","ping_status":"open","sticky":false,"template":"","format":"standard","meta":[],"categories":[306],"tags":[],"_links":{"self":[{"href":"https:\/\/www.cronicasdeitarantim.com.br\/v1\/wp-json\/wp\/v2\/posts\/179990"}],"collection":[{"href":"https:\/\/www.cronicasdeitarantim.com.br\/v1\/wp-json\/wp\/v2\/posts"}],"about":[{"href":"https:\/\/www.cronicasdeitarantim.com.br\/v1\/wp-json\/wp\/v2\/types\/post"}],"author":[{"embeddable":true,"href":"https:\/\/www.cronicasdeitarantim.com.br\/v1\/wp-json\/wp\/v2\/users\/4"}],"replies":[{"embeddable":true,"href":"https:\/\/www.cronicasdeitarantim.com.br\/v1\/wp-json\/wp\/v2\/comments?post=179990"}],"version-history":[{"count":6,"href":"https:\/\/www.cronicasdeitarantim.com.br\/v1\/wp-json\/wp\/v2\/posts\/179990\/revisions"}],"predecessor-version":[{"id":179997,"href":"https:\/\/www.cronicasdeitarantim.com.br\/v1\/wp-json\/wp\/v2\/posts\/179990\/revisions\/179997"}],"wp:featuredmedia":[{"embeddable":true,"href":"https:\/\/www.cronicasdeitarantim.com.br\/v1\/wp-json\/wp\/v2\/media\/179991"}],"wp:attachment":[{"href":"https:\/\/www.cronicasdeitarantim.com.br\/v1\/wp-json\/wp\/v2\/media?parent=179990"}],"wp:term":[{"taxonomy":"category","embeddable":true,"href":"https:\/\/www.cronicasdeitarantim.com.br\/v1\/wp-json\/wp\/v2\/categories?post=179990"},{"taxonomy":"post_tag","embeddable":true,"href":"https:\/\/www.cronicasdeitarantim.com.br\/v1\/wp-json\/wp\/v2\/tags?post=179990"}],"curies":[{"name":"wp","href":"https:\/\/api.w.org\/{rel}","templated":true}]}}