{"id":179674,"date":"2026-04-08T11:36:58","date_gmt":"2026-04-08T14:36:58","guid":{"rendered":"https:\/\/www.cronicasdeitarantim.com.br\/v1\/?p=179674"},"modified":"2026-04-08T11:36:58","modified_gmt":"2026-04-08T14:36:58","slug":"caminhao-bau-nao-consegue-fazer-curva-e-fica-travado-em-rua-do-bob-kennedy","status":"publish","type":"post","link":"https:\/\/www.cronicasdeitarantim.com.br\/v1\/2026\/04\/08\/caminhao-bau-nao-consegue-fazer-curva-e-fica-travado-em-rua-do-bob-kennedy\/","title":{"rendered":"Caminh\u00e3o ba\u00fa n\u00e3o consegue fazer curva e fica travado em rua do Bob Kennedy"},"content":{"rendered":"<h3>Um caminh\u00e3o ba\u00fa ficou travado no meio da rua ap\u00f3s descer uma ladeira no bairro Bob Kennedy, em Itarantim. O ve\u00edculo quase colidiu com uma casa que fica de frente e, ao n\u00e3o conseguir sair, deixou a rua intransit\u00e1vel. Foi necess\u00e1ria a chegada de um trator para retir\u00e1-lo. Ningu\u00e9m ficou ferido.<\/h3>\n","protected":false},"excerpt":{"rendered":"<p>Um caminh\u00e3o ba\u00fa ficou travado no meio da rua ap\u00f3s descer uma ladeira no bairro Bob Kennedy, em Itarantim. O ve\u00edculo quase colidiu com uma casa que fica de frente e, ao n\u00e3o conseguir sair, deixou a rua intransit\u00e1vel. Foi necess\u00e1ria a chegada de um trator para retir\u00e1-lo. Ningu\u00e9m ficou ferido.<\/p>\n","protected":false},"author":4,"featured_media":179675,"comment_status":"open","ping_status":"open","sticky":false,"template":"","format":"standard","meta":[],"categories":[1],"tags":[],"_links":{"self":[{"href":"https:\/\/www.cronicasdeitarantim.com.br\/v1\/wp-json\/wp\/v2\/posts\/179674"}],"collection":[{"href":"https:\/\/www.cronicasdeitarantim.com.br\/v1\/wp-json\/wp\/v2\/posts"}],"about":[{"href":"https:\/\/www.cronicasdeitarantim.com.br\/v1\/wp-json\/wp\/v2\/types\/post"}],"author":[{"embeddable":true,"href":"https:\/\/www.cronicasdeitarantim.com.br\/v1\/wp-json\/wp\/v2\/users\/4"}],"replies":[{"embeddable":true,"href":"https:\/\/www.cronicasdeitarantim.com.br\/v1\/wp-json\/wp\/v2\/comments?post=179674"}],"version-history":[{"count":1,"href":"https:\/\/www.cronicasdeitarantim.com.br\/v1\/wp-json\/wp\/v2\/posts\/179674\/revisions"}],"predecessor-version":[{"id":179676,"href":"https:\/\/www.cronicasdeitarantim.com.br\/v1\/wp-json\/wp\/v2\/posts\/179674\/revisions\/179676"}],"wp:featuredmedia":[{"embeddable":true,"href":"https:\/\/www.cronicasdeitarantim.com.br\/v1\/wp-json\/wp\/v2\/media\/179675"}],"wp:attachment":[{"href":"https:\/\/www.cronicasdeitarantim.com.br\/v1\/wp-json\/wp\/v2\/media?parent=179674"}],"wp:term":[{"taxonomy":"category","embeddable":true,"href":"https:\/\/www.cronicasdeitarantim.com.br\/v1\/wp-json\/wp\/v2\/categories?post=179674"},{"taxonomy":"post_tag","embeddable":true,"href":"https:\/\/www.cronicasdeitarantim.com.br\/v1\/wp-json\/wp\/v2\/tags?post=179674"}],"curies":[{"name":"wp","href":"https:\/\/api.w.org\/{rel}","templated":true}]}}