{"id":179670,"date":"2026-04-08T10:52:20","date_gmt":"2026-04-08T13:52:20","guid":{"rendered":"https:\/\/www.cronicasdeitarantim.com.br\/v1\/?p=179670"},"modified":"2026-04-08T10:53:51","modified_gmt":"2026-04-08T13:53:51","slug":"tiros-dentro-de-condominio-em-itapetinga-deixa-moradora-ferida-e-causa-panico-no-local","status":"publish","type":"post","link":"https:\/\/www.cronicasdeitarantim.com.br\/v1\/2026\/04\/08\/tiros-dentro-de-condominio-em-itapetinga-deixa-moradora-ferida-e-causa-panico-no-local\/","title":{"rendered":"Tiros dentro de condom\u00ednio em Itapetinga deixa moradora ferida e causa p\u00e2nico no local"},"content":{"rendered":"<h4>Disparo de arma de fogo em condom\u00ednio em Itapetinga atinge funcion\u00e1ria da empresa de cal\u00e7ados Vulcabr\u00e1s e assusta moradores da localidade na noite desta ter\u00e7a-feira, 07 de abril.<\/h4>\n<h4>O fato ocorreu no munic\u00edpio de Itapetinga, no m\u00e9dio sudoeste da Bahia. De acordo com informa\u00e7\u00f5es da imprensa local, moradores do condom\u00ednio passaram por momentos de p\u00e2nico com os tiros e muita correria.<\/h4>\n<h4>A pol\u00edcia ainda n\u00e3o tem informa\u00e7\u00f5es sobre a motiva\u00e7\u00e3o dos disparos. A funcion\u00e1ria, segundo informa\u00e7\u00f5es, foi levada para o hospital local e n\u00e3o corre risco de morte.<\/h4>\n","protected":false},"excerpt":{"rendered":"<p>Disparo de arma de fogo em condom\u00ednio em Itapetinga atinge funcion\u00e1ria da empresa de cal\u00e7ados Vulcabr\u00e1s e assusta moradores da localidade na noite desta ter\u00e7a-feira, 07 de abril. O fato ocorreu no munic\u00edpio de Itapetinga, no m\u00e9dio sudoeste da Bahia. De acordo com informa\u00e7\u00f5es da imprensa local, moradores do condom\u00ednio passaram por momentos de p\u00e2nico com os tiros e muita correria. A pol\u00edcia ainda n\u00e3o tem informa\u00e7\u00f5es sobre a motiva\u00e7\u00e3o dos disparos. A funcion\u00e1ria, segundo informa\u00e7\u00f5es, foi levada para o hospital local e n\u00e3o corre risco de morte.<\/p>\n","protected":false},"author":4,"featured_media":179671,"comment_status":"open","ping_status":"open","sticky":false,"template":"","format":"standard","meta":[],"categories":[306],"tags":[],"_links":{"self":[{"href":"https:\/\/www.cronicasdeitarantim.com.br\/v1\/wp-json\/wp\/v2\/posts\/179670"}],"collection":[{"href":"https:\/\/www.cronicasdeitarantim.com.br\/v1\/wp-json\/wp\/v2\/posts"}],"about":[{"href":"https:\/\/www.cronicasdeitarantim.com.br\/v1\/wp-json\/wp\/v2\/types\/post"}],"author":[{"embeddable":true,"href":"https:\/\/www.cronicasdeitarantim.com.br\/v1\/wp-json\/wp\/v2\/users\/4"}],"replies":[{"embeddable":true,"href":"https:\/\/www.cronicasdeitarantim.com.br\/v1\/wp-json\/wp\/v2\/comments?post=179670"}],"version-history":[{"count":2,"href":"https:\/\/www.cronicasdeitarantim.com.br\/v1\/wp-json\/wp\/v2\/posts\/179670\/revisions"}],"predecessor-version":[{"id":179673,"href":"https:\/\/www.cronicasdeitarantim.com.br\/v1\/wp-json\/wp\/v2\/posts\/179670\/revisions\/179673"}],"wp:featuredmedia":[{"embeddable":true,"href":"https:\/\/www.cronicasdeitarantim.com.br\/v1\/wp-json\/wp\/v2\/media\/179671"}],"wp:attachment":[{"href":"https:\/\/www.cronicasdeitarantim.com.br\/v1\/wp-json\/wp\/v2\/media?parent=179670"}],"wp:term":[{"taxonomy":"category","embeddable":true,"href":"https:\/\/www.cronicasdeitarantim.com.br\/v1\/wp-json\/wp\/v2\/categories?post=179670"},{"taxonomy":"post_tag","embeddable":true,"href":"https:\/\/www.cronicasdeitarantim.com.br\/v1\/wp-json\/wp\/v2\/tags?post=179670"}],"curies":[{"name":"wp","href":"https:\/\/api.w.org\/{rel}","templated":true}]}}