{"id":179652,"date":"2026-04-07T11:49:15","date_gmt":"2026-04-07T14:49:15","guid":{"rendered":"https:\/\/www.cronicasdeitarantim.com.br\/v1\/?p=179652"},"modified":"2026-04-07T11:56:34","modified_gmt":"2026-04-07T14:56:34","slug":"itarantim-agricultores-protestam-contra-empresa-de-minerio-na-regiao-do-palmeiras-e-fecham-estradas","status":"publish","type":"post","link":"https:\/\/www.cronicasdeitarantim.com.br\/v1\/2026\/04\/07\/itarantim-agricultores-protestam-contra-empresa-de-minerio-na-regiao-do-palmeiras-e-fecham-estradas\/","title":{"rendered":"Itarantim: Agricultores protestam contra empresa de min\u00e9rio na regi\u00e3o do Palmeiras e fecham estradas"},"content":{"rendered":"<h3>Luta pela sustentabilidade: Agricultores de Itarantim protestam contra atividades da inera\u00e7\u00e3o<\/h3>\n<h4>Nesta ter\u00e7a-feira, 7 de abril, agricultores da comunidade do Palmeiras e de outras regi\u00f5es rurais de Itarantim realizaram um protesto e fecharam a estrada da localidade contra uma empresa de minera\u00e7\u00e3o que atua no munic\u00edpio. A manifesta\u00e7\u00e3o foi motivada pelo descumprimento de uma lei recentemente aprovada, que estabelece a prote\u00e7\u00e3o de \u00e1reas ambientais, incluindo bacias d&#8217;\u00e1gua e serras respons\u00e1veis pelo abastecimento de \u00e1gua da cidade.<\/h4>\n<h4>Moradores da comunidade denunciam que a empresa tem realizado obras, como a constru\u00e7\u00e3o de uma estrada e o fechamento de c\u00f3rregos, o que contraria as determina\u00e7\u00f5es legais. A regi\u00e3o do Palmeiras \u00e9 conhecida por sua forte produ\u00e7\u00e3o de leite e derivados, como queijo e iogurte, al\u00e9m de cultivos de cana-de-a\u00e7\u00facar para a produ\u00e7\u00e3o de cacha\u00e7a.<\/h4>\n<h4>Al\u00e9m dessas atividades, a comunidade tamb\u00e9m se destaca na agricultura familiar, com a produ\u00e7\u00e3o de hortali\u00e7as que s\u00e3o vendidas em feiras livres, organizadas pela associa\u00e7\u00e3o local. O manifesto, que come\u00e7ou por volta das 7 horas da manh\u00e3, contou com faixas e bloqueou a estrada, impedindo a entrada de ve\u00edculos da mineradora.<\/h4>\n<h4>Um dos manifestantes informou \u00e0 reda\u00e7\u00e3o do Portal Cr\u00f4nicas de Itarantim que uma audi\u00eancia p\u00fablica est\u00e1 prevista para este m\u00eas, onde o assunto ser\u00e1 debatido. O protesto destacou a uni\u00e3o das comunidades rurais de Itarantim na luta pela prote\u00e7\u00e3o de seus territ\u00f3rios e pela preserva\u00e7\u00e3o ambiental e a sobreviv\u00eancia.<\/h4>\n<p>V\u00eddeos e fotos:<\/p>\n<p><a href=\"https:\/\/www.cronicasdeitarantim.com.br\/v1\/wp-content\/uploads\/2026\/04\/IMG-20260407-WA0379.jpeg\"><img decoding=\"async\" loading=\"lazy\" class=\"alignnone size-full wp-image-179655\" src=\"https:\/\/www.cronicasdeitarantim.com.br\/v1\/wp-content\/uploads\/2026\/04\/IMG-20260407-WA0379.jpeg\" alt=\"\" width=\"730\" height=\"486\" srcset=\"https:\/\/www.cronicasdeitarantim.com.br\/v1\/wp-content\/uploads\/2026\/04\/IMG-20260407-WA0379.jpeg 730w, https:\/\/www.cronicasdeitarantim.com.br\/v1\/wp-content\/uploads\/2026\/04\/IMG-20260407-WA0379-300x200.jpeg 300w, https:\/\/www.cronicasdeitarantim.com.br\/v1\/wp-content\/uploads\/2026\/04\/IMG-20260407-WA0379-400x266.jpeg 400w\" sizes=\"(max-width: 730px) 100vw, 730px\" \/><\/a> <a href=\"https:\/\/www.cronicasdeitarantim.com.br\/v1\/wp-content\/uploads\/2026\/04\/IMG-20260407-WA0378.jpeg\"><img decoding=\"async\" loading=\"lazy\" class=\"alignnone size-full wp-image-179654\" src=\"https:\/\/www.cronicasdeitarantim.com.br\/v1\/wp-content\/uploads\/2026\/04\/IMG-20260407-WA0378.jpeg\" alt=\"\" width=\"730\" height=\"486\" srcset=\"https:\/\/www.cronicasdeitarantim.com.br\/v1\/wp-content\/uploads\/2026\/04\/IMG-20260407-WA0378.jpeg 730w, https:\/\/www.cronicasdeitarantim.com.br\/v1\/wp-content\/uploads\/2026\/04\/IMG-20260407-WA0378-300x200.jpeg 300w, https:\/\/www.cronicasdeitarantim.com.br\/v1\/wp-content\/uploads\/2026\/04\/IMG-20260407-WA0378-400x266.jpeg 400w\" sizes=\"(max-width: 730px) 100vw, 730px\" \/><\/a> <a href=\"https:\/\/www.cronicasdeitarantim.com.br\/v1\/wp-content\/uploads\/2026\/04\/IMG-20260407-WA0377.jpeg\"><img decoding=\"async\" loading=\"lazy\" class=\"alignnone size-full wp-image-179653\" src=\"https:\/\/www.cronicasdeitarantim.com.br\/v1\/wp-content\/uploads\/2026\/04\/IMG-20260407-WA0377.jpeg\" alt=\"\" width=\"730\" height=\"486\" srcset=\"https:\/\/www.cronicasdeitarantim.com.br\/v1\/wp-content\/uploads\/2026\/04\/IMG-20260407-WA0377.jpeg 730w, https:\/\/www.cronicasdeitarantim.com.br\/v1\/wp-content\/uploads\/2026\/04\/IMG-20260407-WA0377-300x200.jpeg 300w, https:\/\/www.cronicasdeitarantim.com.br\/v1\/wp-content\/uploads\/2026\/04\/IMG-20260407-WA0377-400x266.jpeg 400w\" sizes=\"(max-width: 730px) 100vw, 730px\" \/><\/a> <a href=\"https:\/\/www.cronicasdeitarantim.com.br\/v1\/wp-content\/uploads\/2026\/04\/IMG-20260407-WA0380.jpeg\"><img decoding=\"async\" loading=\"lazy\" class=\"alignnone size-full wp-image-179656\" src=\"https:\/\/www.cronicasdeitarantim.com.br\/v1\/wp-content\/uploads\/2026\/04\/IMG-20260407-WA0380.jpeg\" alt=\"\" width=\"730\" height=\"486\" srcset=\"https:\/\/www.cronicasdeitarantim.com.br\/v1\/wp-content\/uploads\/2026\/04\/IMG-20260407-WA0380.jpeg 730w, https:\/\/www.cronicasdeitarantim.com.br\/v1\/wp-content\/uploads\/2026\/04\/IMG-20260407-WA0380-300x200.jpeg 300w, https:\/\/www.cronicasdeitarantim.com.br\/v1\/wp-content\/uploads\/2026\/04\/IMG-20260407-WA0380-400x266.jpeg 400w\" sizes=\"(max-width: 730px) 100vw, 730px\" \/><\/a><\/p>\n<p><iframe loading=\"lazy\" title=\"Agricultores do Palmeiras, fecha estrada em protesto contra mineradora\" width=\"563\" height=\"1000\" src=\"https:\/\/www.youtube.com\/embed\/RolBx4YXUc0?feature=oembed\" frameborder=\"0\" allow=\"accelerometer; autoplay; clipboard-write; encrypted-media; gyroscope; picture-in-picture; web-share\" referrerpolicy=\"strict-origin-when-cross-origin\" allowfullscreen><\/iframe><\/p>\n<p><iframe loading=\"lazy\" title=\"Agricultores do Palmeiras realizam manifesta\u00e7\u00e3o contra mineradora em Itarantim\" width=\"563\" height=\"1000\" src=\"https:\/\/www.youtube.com\/embed\/QX-pfIHBPF8?feature=oembed\" frameborder=\"0\" allow=\"accelerometer; autoplay; clipboard-write; encrypted-media; gyroscope; picture-in-picture; web-share\" referrerpolicy=\"strict-origin-when-cross-origin\" allowfullscreen><\/iframe><\/p>\n<p><iframe loading=\"lazy\" title=\"Moradores do Palmeiras, zona rural de Itarantim, realizam protesto contra mineradora.\" width=\"563\" height=\"1000\" src=\"https:\/\/www.youtube.com\/embed\/CFJo2pSYtuw?feature=oembed\" frameborder=\"0\" allow=\"accelerometer; autoplay; clipboard-write; encrypted-media; gyroscope; picture-in-picture; web-share\" referrerpolicy=\"strict-origin-when-cross-origin\" allowfullscreen><\/iframe><\/p>\n","protected":false},"excerpt":{"rendered":"<p>Luta pela sustentabilidade: Agricultores de Itarantim protestam contra atividades da inera\u00e7\u00e3o Nesta ter\u00e7a-feira, 7 de abril, agricultores da comunidade do Palmeiras e de outras regi\u00f5es rurais de Itarantim realizaram um protesto e fecharam a estrada da localidade contra uma empresa de minera\u00e7\u00e3o que atua no munic\u00edpio. A manifesta\u00e7\u00e3o foi motivada pelo descumprimento de uma lei recentemente aprovada, que estabelece a prote\u00e7\u00e3o de \u00e1reas ambientais, incluindo bacias d&#8217;\u00e1gua e serras respons\u00e1veis pelo abastecimento de \u00e1gua da cidade. Moradores da comunidade denunciam que a empresa tem realizado obras, como a constru\u00e7\u00e3o de uma estrada e o fechamento de c\u00f3rregos, o que contraria [&hellip;]<\/p>\n","protected":false},"author":4,"featured_media":179657,"comment_status":"open","ping_status":"open","sticky":false,"template":"","format":"standard","meta":[],"categories":[362],"tags":[],"_links":{"self":[{"href":"https:\/\/www.cronicasdeitarantim.com.br\/v1\/wp-json\/wp\/v2\/posts\/179652"}],"collection":[{"href":"https:\/\/www.cronicasdeitarantim.com.br\/v1\/wp-json\/wp\/v2\/posts"}],"about":[{"href":"https:\/\/www.cronicasdeitarantim.com.br\/v1\/wp-json\/wp\/v2\/types\/post"}],"author":[{"embeddable":true,"href":"https:\/\/www.cronicasdeitarantim.com.br\/v1\/wp-json\/wp\/v2\/users\/4"}],"replies":[{"embeddable":true,"href":"https:\/\/www.cronicasdeitarantim.com.br\/v1\/wp-json\/wp\/v2\/comments?post=179652"}],"version-history":[{"count":3,"href":"https:\/\/www.cronicasdeitarantim.com.br\/v1\/wp-json\/wp\/v2\/posts\/179652\/revisions"}],"predecessor-version":[{"id":179660,"href":"https:\/\/www.cronicasdeitarantim.com.br\/v1\/wp-json\/wp\/v2\/posts\/179652\/revisions\/179660"}],"wp:featuredmedia":[{"embeddable":true,"href":"https:\/\/www.cronicasdeitarantim.com.br\/v1\/wp-json\/wp\/v2\/media\/179657"}],"wp:attachment":[{"href":"https:\/\/www.cronicasdeitarantim.com.br\/v1\/wp-json\/wp\/v2\/media?parent=179652"}],"wp:term":[{"taxonomy":"category","embeddable":true,"href":"https:\/\/www.cronicasdeitarantim.com.br\/v1\/wp-json\/wp\/v2\/categories?post=179652"},{"taxonomy":"post_tag","embeddable":true,"href":"https:\/\/www.cronicasdeitarantim.com.br\/v1\/wp-json\/wp\/v2\/tags?post=179652"}],"curies":[{"name":"wp","href":"https:\/\/api.w.org\/{rel}","templated":true}]}}